{"id":242105,"date":"2003-06-17T10:05:00","date_gmt":"2003-06-17T13:05:00","guid":{"rendered":"http:\/\/progepe.ufpr.br\/portarias\/prhae-2003-02755\/"},"modified":"2023-09-05T09:33:04","modified_gmt":"2023-09-05T12:33:04","slug":"prhae-2003-02755","status":"publish","type":"post","link":"https:\/\/progepe.ufpr.br\/portarias\/prhae-2003-02755\/","title":{"rendered":"PORTARIA N\u00ba 02755\/PRHAE, DE 17 DE JUNHO DE 2003"},"content":{"rendered":"\n<p>O Pr\u00f3-Reitor ddee Recursos Humanos ee Assuntos Estudantis ddaa Universidade Federal ddoo Paran\u00e1, nnoo uussoo ddee ssuuaass aattrriibbuuii\u00e7\u00e7\u00f5\u00f5eess,, tteennddoo cemm vviissttaa \u00e0 \u00e0 ccoommppeett\u00ea\u00eanncciiaa qquuee llhhee \u00e9\u00e9 ccoonnffeerriiddaa ppeellaa PPoorrttaarriiaa nn\u00ba\u00ba 22..559900,, ddee 2266 ddee sseetteemmbbrroo ddee 11999977,, ccoonnssiiddeerraannddoo oo qquuee ccoonnssttaa nnaass LLeeiiss nn\u00ba\u00ba 88..774455\/\/9933 ee 90 884499\/\/9999 \u00e9c ddee aaccoorrddoo ccoomm u\u00e0ass FResolu\u00e7\u00f5es nn\u00ba\u00ba 72\/991)&#8211;CCEEP, 31H\/9955&#8211;CCEP ee 26\/96-CEPE, \u00e9e aaiinnddaa wo ccoonnttiiddoo nnoo processo nn\u00ba\u00ba 246\/14\/03-71,<\/p>\n\n\n<p><strong>RESOLVE:<\/strong><\/p>\n\n\n<p>CCaoonnttrraattaarr CLAUDIA COSER, ccoommoo PPrrooffeessssoorr SSuubbssttiittuuttoo,, ccoomm ssaall\u00e1\u00e1rriioo ccoormreessppoonnddeennttee \u00e0\u00e0 ccllaassssee ddee PPrrooffeessssoorr AAuuxxiilliiaarr,, nn\u00edivveell T1,, nneo rreeggiimmee ddee ttrraabbaallhhoo ddee 2200 ((vviinnttee)) hhoorraass sseemmaannaaiiss,, ppaarraa o6 DDeeppaarrttaammeennttoo ddee CCii\u00ea\u00eanncciiaa ee CGieesstt\u00e3\u00e3oo ddaa IInnffoorrmmaa\u00e7\u00e7\u00e3\u00e3oo ddoo SSeettoorr ddee CCii\u00ea\u00eanncciiaass SSoocciiaaiiss Apliccvaaddaas, aa ppaarrttiirr ddaa assinatura do contrato, aatt\u00e9\u00e9 04.07.,2003, nnaa vagpa decorrente do aftastamento ddee Vera L\u00facia Belo Chapgas.<\/p><p> Ptublicado nnoo Di\u00e1rio Ofi\u00edcial dao Unia\u00e3ro cdadd o OES\/\/OOSB , Itmac\u00e7 \u00e3LIEoL , , pogo g\u00c9 YVilson Kache mep<\/p><p><\/p>\n\n\n<div style=\"height:15px\" aria-hidden=\"true\" class=\"wp-block-spacer\"><\/div>\n\n\n<div class=\"wp-block-buttons is-content-justification-right is-layout-flex wp-container-core-buttons-is-layout-1 wp-block-buttons-is-layout-flex\">\n<div class=\"wp-block-button has-custom-font-size is-style-outline has-small-font-size is-style-outline--1\"><a class=\"wp-block-button__link\" href=\"https:\/\/progepe.ufpr.br\/portarias\/wp-content\/uploads\/pcp\/PRHAE\/2003\/2755PR.pdf\" style=\"border-radius:0px\" target=\"_blank\" rel=\"noreferrer noopener\">Acesse o arquivo da portaria<\/a><\/div><\/div>\n","protected":false},"excerpt":{"rendered":"<p>CCaoonnttrraattaarr CLAUDIA COSER, ccoommoo PPrrooffeessssoorr SSuubbssttiittuuttoo,, ccoomm ssaall\u00e1\u00e1rriioo ccoormreessppoonnddeennttee \u00e0\u00e0 ccllaassssee ddee PPrrooffeessssoorr AAuuxxiilliiaarr,, nn\u00edivveell T1,, nneo rreeggiimmee ddee ttrraabbaallhhoo ddee 2200 ((vviinnttee)) hhoorraass sseemmaannaaiiss,, ppaarraa o6 DDeeppaarrttaammeennttoo ddee CCii\u00ea\u00eanncciiaa ee CGieesstt\u00e3\u00e3oo ddaa IInnffoorrmmaa\u00e7\u00e7\u00e3\u00e3oo ddoo SSeettoorr ddee CCii\u00ea\u00eanncciiaass SSoocciiaaiiss Apliccvaaddaas, aa ppaarrttiirr ddaa assinatura do contrato, aatt\u00e9\u00e9 04.07.,2003, nnaa vagpa decorrente do aftastamento ddee Vera L\u00facia Belo Chapgas. Ptublicado nnoo Di\u00e1rio Ofi\u00edcial dao Unia\u00e3ro cdadd o OES\/\/OOSB , Itmac\u00e7 \u00e3LIEoL , , pogo g\u00c9 YVilson Kache mep  {&#8220;height&#8221;:&#8221;15px&#8221;} <\/p>\n<div style=\"height:15px\" aria-hidden=\"true\" class=\"wp-block-spacer\"> <!-- \/wp:spacer  {\"layout\":{\"type\":\"flex\",\"justifyContent\":\"right\"}} \n\n<div class=\"wp-block-buttons\"><!-- wp:button {\"style\":{\"border\":{\"radius\":\"0px\"}},\"className\":\"is-style-outline\",\"fontSize\":\"\n<\/p>\n","protected":false},"author":41,"featured_media":0,"comment_status":"closed","ping_status":"closed","sticky":false,"template":"wp-custom-template-emissao-entre-01-05-2004-ate-30-06-2017","format":"standard","meta":{"_acf_changed":false,"iawp_total_views":0,"footnotes":""},"categories":[232],"tags":[],"class_list":["post-242105","post","type-post","status-publish","format-standard","hentry","category-prhae"],"acf":[],"_links":{"self":[{"href":"https:\/\/progepe.ufpr.br\/portarias\/wp-json\/wp\/v2\/posts\/242105","targetHints":{"allow":["GET"]}}],"collection":[{"href":"https:\/\/progepe.ufpr.br\/portarias\/wp-json\/wp\/v2\/posts"}],"about":[{"href":"https:\/\/progepe.ufpr.br\/portarias\/wp-json\/wp\/v2\/types\/post"}],"author":[{"embeddable":true,"href":"https:\/\/progepe.ufpr.br\/portarias\/wp-json\/wp\/v2\/users\/41"}],"replies":[{"embeddable":true,"href":"https:\/\/progepe.ufpr.br\/portarias\/wp-json\/wp\/v2\/comments?post=242105"}],"version-history":[{"count":1,"href":"https:\/\/progepe.ufpr.br\/portarias\/wp-json\/wp\/v2\/posts\/242105\/revisions"}],"predecessor-version":[{"id":244791,"href":"https:\/\/progepe.ufpr.br\/portarias\/wp-json\/wp\/v2\/posts\/242105\/revisions\/244791"}],"wp:attachment":[{"href":"https:\/\/progepe.ufpr.br\/portarias\/wp-json\/wp\/v2\/media?parent=242105"}],"wp:term":[{"taxonomy":"category","embeddable":true,"href":"https:\/\/progepe.ufpr.br\/portarias\/wp-json\/wp\/v2\/categories?post=242105"},{"taxonomy":"post_tag","embeddable":true,"href":"https:\/\/progepe.ufpr.br\/portarias\/wp-json\/wp\/v2\/tags?post=242105"}],"curies":[{"name":"wp","href":"https:\/\/api.w.org\/{rel}","templated":true}]}}