{"id":242178,"date":"2003-06-30T10:30:00","date_gmt":"2003-06-30T13:30:00","guid":{"rendered":"http:\/\/progepe.ufpr.br\/portarias\/prhae-2003-02829\/"},"modified":"2023-09-05T09:33:07","modified_gmt":"2023-09-05T12:33:07","slug":"prhae-2003-02829","status":"publish","type":"post","link":"https:\/\/progepe.ufpr.br\/portarias\/prhae-2003-02829\/","title":{"rendered":"PORTARIA N\u00ba 02829\/PRHAE, DE 30 DE JUNHO DE 2003"},"content":{"rendered":"\n<p>O Pr\u00f3-Reitor ddee Recursos Humanos ee \u00c1AAssssuunnttooss Estudantis da Universidade Federal do Paran\u00e1, no uvso de sSuuaass aattrriibbuuii\u00e7\u00e7\u00f5\u00f5eess,, tt\u00eaeennddoo eemm vviissttaa \u00e0\u00e0 ccoommppeett\u00ea\u00eanncciiaa qquuee llhhee \u00e9\u00e9 ccoonnffeerriiddaa ppeellaa Portaria nn\u00ba\u00ba 2.590, ddee 276 ddee setembro ddee 1997, considerando oo qquuee ccoonnssttaa nnoo aanrttiiggoo 1166,, iinncciissoo I1 ddeo Decreto nn\u00ba\u00ba 9944 .664\/87, aarrttiiggoo 1111 ddaa Portaria nn\u00ba\u00ba 4795\/B87-MEC ee ainda oo contido nnoo pr\u00f3ocesso nn\u00ba\u00ba 5S00L144\/\/0033&#8211;886,<\/p>\n\n\n<p><strong>RESOLVE:<\/strong><\/p>\n\n\n<p>Conceder progpress\u00e3o funcional ao Professor SERGIO ROBERTO ABRAH\u00c3O &#8212; 152064, lotado no Deparitamento de Edtuuccaa\u00e7\u00e7\u00e3o F\u00edsica do Setor de Ci\u00eancias BBiiooll\u00f3\u00f3ggiiccaass,, ddoo nn\u00edivveell I1I1 para roo ann\u00ed\u00edvv eell HUIT ddaa ccllaassssee AAuuxxiilliiaarr,, aa parrtitrddiee c330 0 ddee aabbnriill ddee 22000032,, tteennddoo em vistteerr t oba\u00fatid oo |1 112 ((cvento ee doze) ppoonnttooss nnaa aavvaalliiaa\u00e7\u00e7\u00e3\u00e3oo ddee ddesempenho.<\/p><p> F\u00e1 YVilson Kachel mep<\/p><p><\/p>\n\n\n<div style=\"height:15px\" aria-hidden=\"true\" class=\"wp-block-spacer\"><\/div>\n\n\n<div class=\"wp-block-buttons is-content-justification-right is-layout-flex wp-container-core-buttons-is-layout-1 wp-block-buttons-is-layout-flex\">\n<div class=\"wp-block-button has-custom-font-size is-style-outline has-small-font-size is-style-outline--1\"><a class=\"wp-block-button__link\" href=\"https:\/\/progepe.ufpr.br\/portarias\/wp-content\/uploads\/pcp\/PRHAE\/2003\/2829PR.pdf\" style=\"border-radius:0px\" target=\"_blank\" rel=\"noreferrer noopener\">Acesse o arquivo da portaria<\/a><\/div><\/div>\n","protected":false},"excerpt":{"rendered":"<p>Conceder progpress\u00e3o funcional ao Professor SERGIO ROBERTO ABRAH\u00c3O &#8212; 152064, lotado no Deparitamento de Edtuuccaa\u00e7\u00e7\u00e3o F\u00edsica do Setor de Ci\u00eancias BBiiooll\u00f3\u00f3ggiiccaass,, ddoo nn\u00edivveell I1I1 para roo ann\u00ed\u00edvv eell HUIT ddaa ccllaassssee AAuuxxiilliiaarr,, aa parrtitrddiee c330 0 ddee aabbnriill ddee 22000032,, tteennddoo em vistteerr t oba\u00fatid oo |1 112 ((cvento ee doze) ppoonnttooss nnaa aavvaalliiaa\u00e7\u00e7\u00e3\u00e3oo ddee ddesempenho. F\u00e1 YVilson Kachel mep  {&#8220;height&#8221;:&#8221;15px&#8221;} <\/p>\n<div style=\"height:15px\" aria-hidden=\"true\" class=\"wp-block-spacer\"> <!-- \/wp:spacer  {\"layout\":{\"type\":\"flex\",\"justifyContent\":\"right\"}} \n\n<div class=\"wp-block-buttons\"><!-- wp:button {\"style\":{\"border\":{\"radius\":\"0px\"}},\"className\":\"is-style-outline\",\"fontSize\":\"small\"} \n\n<div class=\"wp-block-button has-custom-font-size is-style-outline has-small-font-size\"><a class=\"wp-block-button__link\" href=\"https:\/\/progepe.ufpr.br\/portarias\/wp-content\/uploads\/pcp\/PRHAE\/2003\/2829PR.pdf\" style=\"border-radius:0px\" target=\"_blank\" rel=\"noref\n<\/p>\n","protected":false},"author":41,"featured_media":0,"comment_status":"closed","ping_status":"closed","sticky":false,"template":"wp-custom-template-emissao-entre-01-05-2004-ate-30-06-2017","format":"standard","meta":{"_acf_changed":false,"iawp_total_views":0,"footnotes":""},"categories":[232],"tags":[],"class_list":["post-242178","post","type-post","status-publish","format-standard","hentry","category-prhae"],"acf":[],"_links":{"self":[{"href":"https:\/\/progepe.ufpr.br\/portarias\/wp-json\/wp\/v2\/posts\/242178","targetHints":{"allow":["GET"]}}],"collection":[{"href":"https:\/\/progepe.ufpr.br\/portarias\/wp-json\/wp\/v2\/posts"}],"about":[{"href":"https:\/\/progepe.ufpr.br\/portarias\/wp-json\/wp\/v2\/types\/post"}],"author":[{"embeddable":true,"href":"https:\/\/progepe.ufpr.br\/portarias\/wp-json\/wp\/v2\/users\/41"}],"replies":[{"embeddable":true,"href":"https:\/\/progepe.ufpr.br\/portarias\/wp-json\/wp\/v2\/comments?post=242178"}],"version-history":[{"count":1,"href":"https:\/\/progepe.ufpr.br\/portarias\/wp-json\/wp\/v2\/posts\/242178\/revisions"}],"predecessor-version":[{"id":244859,"href":"https:\/\/progepe.ufpr.br\/portarias\/wp-json\/wp\/v2\/posts\/242178\/revisions\/244859"}],"wp:attachment":[{"href":"https:\/\/progepe.ufpr.br\/portarias\/wp-json\/wp\/v2\/media?parent=242178"}],"wp:term":[{"taxonomy":"category","embeddable":true,"href":"https:\/\/progepe.ufpr.br\/portarias\/wp-json\/wp\/v2\/categories?post=242178"},{"taxonomy":"post_tag","embeddable":true,"href":"https:\/\/progepe.ufpr.br\/portarias\/wp-json\/wp\/v2\/tags?post=242178"}],"curies":[{"name":"wp","href":"https:\/\/api.w.org\/{rel}","templated":true}]}}