{"id":242219,"date":"2003-07-02T10:10:00","date_gmt":"2003-07-02T13:10:00","guid":{"rendered":"http:\/\/progepe.ufpr.br\/portarias\/prhae-2003-02884\/"},"modified":"2023-09-05T09:33:09","modified_gmt":"2023-09-05T12:33:09","slug":"prhae-2003-02884","status":"publish","type":"post","link":"https:\/\/progepe.ufpr.br\/portarias\/prhae-2003-02884\/","title":{"rendered":"PORTARIA N\u00ba 02884\/PRHAE, DE 02 DE JULHO DE 2003"},"content":{"rendered":"\n<p>O Pr\u00f3-Reitor de RKecursos Humanos ee Assuontos EEssttuuddaannttiiss ddaa Universidade FFeeddeerraall ddoo TPFaarraarnn\u00e1d\u00e1,, nnoo vussoo ddee suas atribui\u00e7\u00f5es, t\u00eaendo em vista \u00e0a compet\u00eancia que lhe \u00e9\u00e9 conferida pela Portaria nn\u00ba\u00ba 2.590, ddee 2266 ddee setembro ddee 115939977,, considerando oo que consta nas Leis n\u00ba 8E.745\/93 ee 9.849\/959 ee de acordo com aass Resolu\u00e7\u00f5es nn\u00ba\u00ba 7722\/39\/19 01-CCEEPP,, 31\/05-CEP ee 26\/96-CEFPE, ee aaiinnddaa oo ccoonnttiiddoo nnoo pprroocceessssoo nn\u00ba\u00ba [L00115588\/\/0033&#8211;4455,,<\/p>\n\n\n<p><strong>RESOLVE:<\/strong><\/p>\n\n\n<p>1l.. Contratar ELOY EROS DA SILVA NOGUEIRA, como Professor Substituto, com sal\u00e1rio correessppoonnddeente \u00e0\u00e0 classe de Professor Assistente, n\u00edvel [[,, no regime de ttrraabbaalihhoo ddee 2200 ((vviinnttee)) hhoorraass sseemmaannaaiiss,, ppaarraa o o Departamento ddee Comntabilidade ddoo SSeettoorr ddee CCii\u00ea\u00eanncciiaass SSoocciiaaiiss AApplliiccaaddaass,, aa ppaarrttiirr ddaa aassssiinnaattuurraa ddoo ccoonnttrraattoo,, ppeelloo ppeerr\u00ed\u00edooddoo ddee 1122 ((ddoozzee)) mmeesseess,, naa vaga decorrente ddaa aposentadoria ddee Ademar Krueger.<\/p><p> WI.l . Conceder oo acr\u00e9scimo ssaallaarrtiaall,, ddee acordo com oo aarrttiiggoo 11\u00ba,, $ 11\u00ba\u00ba., al\u00edneca aa ddaa TLeeii no\u00ba 8,\/224433\/\/991, tiecnodo em vviisstiaa possuir qo lt\u00ed\u00edttuulloo ddee Mestre cem Adminisitra\u00e7\u00e3o.<\/p><p> eCb r o cs c Tco 2 a ddeon3s 0a3r o0t3.o EEL II\u00c3OS mceepp<\/p><p><\/p>\n\n\n<div style=\"height:15px\" aria-hidden=\"true\" class=\"wp-block-spacer\"><\/div>\n\n\n<div class=\"wp-block-buttons is-content-justification-right is-layout-flex wp-container-core-buttons-is-layout-1 wp-block-buttons-is-layout-flex\">\n<div class=\"wp-block-button has-custom-font-size is-style-outline has-small-font-size is-style-outline--1\"><a class=\"wp-block-button__link\" href=\"https:\/\/progepe.ufpr.br\/portarias\/wp-content\/uploads\/pcp\/PRHAE\/2003\/2884PR.pdf\" style=\"border-radius:0px\" target=\"_blank\" rel=\"noreferrer noopener\">Acesse o arquivo da portaria<\/a><\/div><\/div>\n","protected":false},"excerpt":{"rendered":"<p>1l.. Contratar ELOY EROS DA SILVA NOGUEIRA, como Professor Substituto, com sal\u00e1rio correessppoonnddeente \u00e0\u00e0 classe de Professor Assistente, n\u00edvel [[,, no regime de ttrraabbaalihhoo ddee 2200 ((vviinnttee)) hhoorraass sseemmaannaaiiss,, ppaarraa o o Departamento ddee Comntabilidade ddoo SSeettoorr ddee CCii\u00ea\u00eanncciiaass SSoocciiaaiiss AApplliiccaaddaass,, aa ppaarrttiirr ddaa aassssiinnaattuurraa ddoo ccoonnttrraattoo,, ppeelloo ppeerr\u00ed\u00edooddoo ddee 1122 ((ddoozzee)) mmeesseess,, naa vaga decorrente ddaa aposentadoria ddee Ademar Krueger. WI.l . Conceder oo acr\u00e9scimo ssaallaarrtiaall,, ddee acordo com oo aarrttiiggoo 11\u00ba,, $ 11\u00ba\u00ba., al\u00edneca aa ddaa TLeeii no\u00ba 8,\/224433\/\/991, tiecnodo em vviisstiaa possuir qo lt\u00ed\u00edttuulloo ddee Mestre cem Adminisitra\u00e7\u00e3o. eCb r o cs c Tco 2<\/p>\n","protected":false},"author":41,"featured_media":0,"comment_status":"closed","ping_status":"closed","sticky":false,"template":"wp-custom-template-emissao-entre-01-05-2004-ate-30-06-2017","format":"standard","meta":{"_acf_changed":false,"iawp_total_views":0,"footnotes":""},"categories":[232],"tags":[],"class_list":["post-242219","post","type-post","status-publish","format-standard","hentry","category-prhae"],"acf":[],"_links":{"self":[{"href":"https:\/\/progepe.ufpr.br\/portarias\/wp-json\/wp\/v2\/posts\/242219","targetHints":{"allow":["GET"]}}],"collection":[{"href":"https:\/\/progepe.ufpr.br\/portarias\/wp-json\/wp\/v2\/posts"}],"about":[{"href":"https:\/\/progepe.ufpr.br\/portarias\/wp-json\/wp\/v2\/types\/post"}],"author":[{"embeddable":true,"href":"https:\/\/progepe.ufpr.br\/portarias\/wp-json\/wp\/v2\/users\/41"}],"replies":[{"embeddable":true,"href":"https:\/\/progepe.ufpr.br\/portarias\/wp-json\/wp\/v2\/comments?post=242219"}],"version-history":[{"count":1,"href":"https:\/\/progepe.ufpr.br\/portarias\/wp-json\/wp\/v2\/posts\/242219\/revisions"}],"predecessor-version":[{"id":244912,"href":"https:\/\/progepe.ufpr.br\/portarias\/wp-json\/wp\/v2\/posts\/242219\/revisions\/244912"}],"wp:attachment":[{"href":"https:\/\/progepe.ufpr.br\/portarias\/wp-json\/wp\/v2\/media?parent=242219"}],"wp:term":[{"taxonomy":"category","embeddable":true,"href":"https:\/\/progepe.ufpr.br\/portarias\/wp-json\/wp\/v2\/categories?post=242219"},{"taxonomy":"post_tag","embeddable":true,"href":"https:\/\/progepe.ufpr.br\/portarias\/wp-json\/wp\/v2\/tags?post=242219"}],"curies":[{"name":"wp","href":"https:\/\/api.w.org\/{rel}","templated":true}]}}