{"id":242222,"date":"2003-07-02T10:13:00","date_gmt":"2003-07-02T13:13:00","guid":{"rendered":"http:\/\/progepe.ufpr.br\/portarias\/prhae-2003-02887\/"},"modified":"2023-09-05T09:33:09","modified_gmt":"2023-09-05T12:33:09","slug":"prhae-2003-02887","status":"publish","type":"post","link":"https:\/\/progepe.ufpr.br\/portarias\/prhae-2003-02887\/","title":{"rendered":"PORTARIA N\u00ba 02887\/PRHAE, DE 02 DE JULHO DE 2003"},"content":{"rendered":"\n<p>O Pr\u00f3-Reitor ddee Recursos Humanos ee Assuntos Estudantis ddaa Universidade Federal ddoo Paran\u00e1, nnoo uussoo ddee sSuas atmriibbuuii\u00e7\u00e7\u00f5\u00f5es, tendo em vista \u00e0a compet\u00eancia que lhe \u00e9\u00e9 conferida ppeellaa Portaria nn\u00ba\u00ba 2.,590, ddee 2266 \u00abddee setembro ddee 1997, considerando oo que consta nas Leis n\u00ba 8.774455\/\/993 e 9.849\/99 e de acordo com ass Resolu\u00e7\u00f5es n\u00ba 732\/9011&#8211;CCEEP, 31\/995-CEP e 2&#038;6\/986-CEPE, ee ainda o contido nnoo processo nn\u00ba\u00ba 554698\/02-15,<\/p>\n\n\n<p><strong>RESOLVE:<\/strong><\/p>\n\n\n<p>1\u00a3.. Contraattaar MELANIA CARNHELUTTI, comeo Professor Substituto, com sal\u00e1rio corressppoonnddeenmte \u00e0 classe de Professor A\u00c1ssistente, n\u00edvel 1, no regime de trabalho de 20 (vinte) horas semanais, para o Departamento de Contabilidade do Setor de Cik\u00eancias Sociais Aplicadas, aa ppaarrttiirr da assinatura do contrato, aatt\u00e9\u00e9 15.,12.,23003, nnaa vaga ddeeccoorrrreennttee ddaa eexxoonneerraa\u00e7\u00e7\u00e3\u00e3oo ddee GGlleenniioo BBeennttoo..<\/p><p> 1HH. . ConcedeConc\u00e7eder r o acrr\u00e9\u00e9sscci imo sallaarriiaall,, ddee aacorodro dcoocom m qo amnigo 1\u00ba9,, &#038;&#038; 1\u00ba, aall\u00ed\u00ednneeaa aa ddaa Leinn \u00ba\u00ba 88..224433\/\/99]1,, tteennddoo eemm vviissttaa ppososusir soo utt\u00ed\u00edittuullroo ddee MMeessttrree eemm Ci\u00eanciSSooacciisaaii ss AApplliiccaaddaass..<\/p><p> PibHco! 103 03 O73 EE<\/p><p><\/p>\n\n\n<div style=\"height:15px\" aria-hidden=\"true\" class=\"wp-block-spacer\"><\/div>\n\n\n<div class=\"wp-block-buttons is-content-justification-right is-layout-flex wp-container-core-buttons-is-layout-1 wp-block-buttons-is-layout-flex\">\n<div class=\"wp-block-button has-custom-font-size is-style-outline has-small-font-size is-style-outline--1\"><a class=\"wp-block-button__link\" href=\"https:\/\/progepe.ufpr.br\/portarias\/wp-content\/uploads\/pcp\/PRHAE\/2003\/2887PR.pdf\" style=\"border-radius:0px\" target=\"_blank\" rel=\"noreferrer noopener\">Acesse o arquivo da portaria<\/a><\/div><\/div>\n","protected":false},"excerpt":{"rendered":"<p>1\u00a3.. Contraattaar MELANIA CARNHELUTTI, comeo Professor Substituto, com sal\u00e1rio corressppoonnddeenmte \u00e0 classe de Professor A\u00c1ssistente, n\u00edvel 1, no regime de trabalho de 20 (vinte) horas semanais, para o Departamento de Contabilidade do Setor de Cik\u00eancias Sociais Aplicadas, aa ppaarrttiirr da assinatura do contrato, aatt\u00e9\u00e9 15.,12.,23003, nnaa vaga ddeeccoorrrreennttee ddaa eexxoonneerraa\u00e7\u00e7\u00e3\u00e3oo ddee GGlleenniioo BBeennttoo.. 1HH. . ConcedeConc\u00e7eder r o acrr\u00e9\u00e9sscci imo sallaarriiaall,, ddee aacorodro dcoocom m qo amnigo 1\u00ba9,, &#038;&#038; 1\u00ba, aall\u00ed\u00ednneeaa aa ddaa Leinn \u00ba\u00ba 88..224433\/\/99]1,, tteennddoo eemm vviissttaa ppososusir soo utt\u00ed\u00edittuullroo ddee MMeessttrree eemm Ci\u00eanciSSooacciisaaii ss AApplliiccaaddaass.. PibHco! 103 03 O73 EE  {&#8220;height&#8221;:&#8221;15px&#8221;} <\/p>\n<div style=\"height:15px\" aria-hidden=\"true\" \n\n","protected":false},"author":41,"featured_media":0,"comment_status":"closed","ping_status":"closed","sticky":false,"template":"wp-custom-template-emissao-entre-01-05-2004-ate-30-06-2017","format":"standard","meta":{"_acf_changed":false,"iawp_total_views":0,"footnotes":""},"categories":[232],"tags":[],"class_list":["post-242222","post","type-post","status-publish","format-standard","hentry","category-prhae"],"acf":[],"_links":{"self":[{"href":"https:\/\/progepe.ufpr.br\/portarias\/wp-json\/wp\/v2\/posts\/242222","targetHints":{"allow":["GET"]}}],"collection":[{"href":"https:\/\/progepe.ufpr.br\/portarias\/wp-json\/wp\/v2\/posts"}],"about":[{"href":"https:\/\/progepe.ufpr.br\/portarias\/wp-json\/wp\/v2\/types\/post"}],"author":[{"embeddable":true,"href":"https:\/\/progepe.ufpr.br\/portarias\/wp-json\/wp\/v2\/users\/41"}],"replies":[{"embeddable":true,"href":"https:\/\/progepe.ufpr.br\/portarias\/wp-json\/wp\/v2\/comments?post=242222"}],"version-history":[{"count":1,"href":"https:\/\/progepe.ufpr.br\/portarias\/wp-json\/wp\/v2\/posts\/242222\/revisions"}],"predecessor-version":[{"id":244915,"href":"https:\/\/progepe.ufpr.br\/portarias\/wp-json\/wp\/v2\/posts\/242222\/revisions\/244915"}],"wp:attachment":[{"href":"https:\/\/progepe.ufpr.br\/portarias\/wp-json\/wp\/v2\/media?parent=242222"}],"wp:term":[{"taxonomy":"category","embeddable":true,"href":"https:\/\/progepe.ufpr.br\/portarias\/wp-json\/wp\/v2\/categories?post=242222"},{"taxonomy":"post_tag","embeddable":true,"href":"https:\/\/progepe.ufpr.br\/portarias\/wp-json\/wp\/v2\/tags?post=242222"}],"curies":[{"name":"wp","href":"https:\/\/api.w.org\/{rel}","templated":true}]}}