{"id":242223,"date":"2003-07-02T10:14:00","date_gmt":"2003-07-02T13:14:00","guid":{"rendered":"http:\/\/progepe.ufpr.br\/portarias\/prhae-2003-02888\/"},"modified":"2023-09-05T09:33:09","modified_gmt":"2023-09-05T12:33:09","slug":"prhae-2003-02888","status":"publish","type":"post","link":"https:\/\/progepe.ufpr.br\/portarias\/prhae-2003-02888\/","title":{"rendered":"PORTARIA N\u00ba 02888\/PRHAE, DE 02 DE JULHO DE 2003"},"content":{"rendered":"\n<p>O Pr\u00f3-Reitor de RKReeccuurrssos Humanos ee A\u00c1ssuntos EEssttuuddaannttiiss ddaa Universidade FFeeddeerraall ddoo Paran\u00e1, nnoo uussoo ddee suas atribui\u00e7\u00f5es, tendo em vista aa compet\u00e9\u00eancia que lhe \u20ac\u00e9 conferida pela Portaria nn\u00ba\u00ba 2.,590, ddee 2264 ddee setembro ddee 19597, considerando \u00e0o que consta nas Leis n\u00ba 8.745\/913 ee 9.B849\/099 ee de acordo com \u00e0aass Resolu\u00e7\u00f5es nn\u00ba\u00ba T72\/\/991]&#8211;CCEEPP, 3l1\/f9953&#8211;CCEP ee 26\/96-CEPE\u00c9, \u00e9e aaiinnddaa oo ccoonnttiiddeo nnoo pprroocceessssoo nn\u00ba\u00ba 1100115577 \/0033&#8211;8822,,<\/p>\n\n\n<p><strong>RESOLVE:<\/strong><\/p>\n\n\n<p>LL. Contratar ELIANE DE OLIVEIRA, como Professor Substituto, com sal\u00e1rio correspondente \u00e0 classe de EProfessor Auxiliar, n\u00edvel [[,, no tregime de trabalho de 20 (vinte) horas semanasis, para o o Departamento de Contabilidade do Setor de Ci\u00eancias Sociais Aplicadas, aa partir da assinatura do contrato, aatt\u00e9\u00e9 0D56.03.2004, na vaga decorrcente da exounecra\u00e7\u00e3o de Vilson Jos\u00ea\u00e9 Masuttttii.<\/p><p> 1.. Conceder 6o acr\u00e9scimo salarial, de aaccordo com &#038;9 artigo 1\u00ba, $$ 1\u00ba, ali\u00ednea a da Lei n\u00ba 8E,.2943\/901, tendo em vista possuir o cert\u00failfiicado de Especializa\u00e7\u00e3o, na Moadoadlaihdade de Trabalho em: Finanr\u00e7as ee Controladoria.<\/p><p><\/p>\n\n\n<div style=\"height:15px\" aria-hidden=\"true\" class=\"wp-block-spacer\"><\/div>\n\n\n<div class=\"wp-block-buttons is-content-justification-right is-layout-flex wp-container-core-buttons-is-layout-1 wp-block-buttons-is-layout-flex\">\n<div class=\"wp-block-button has-custom-font-size is-style-outline has-small-font-size is-style-outline--1\"><a class=\"wp-block-button__link\" href=\"https:\/\/progepe.ufpr.br\/portarias\/wp-content\/uploads\/pcp\/PRHAE\/2003\/2888PR.pdf\" style=\"border-radius:0px\" target=\"_blank\" rel=\"noreferrer noopener\">Acesse o arquivo da portaria<\/a><\/div><\/div>\n","protected":false},"excerpt":{"rendered":"<p>LL. Contratar ELIANE DE OLIVEIRA, como Professor Substituto, com sal\u00e1rio correspondente \u00e0 classe de EProfessor Auxiliar, n\u00edvel [[,, no tregime de trabalho de 20 (vinte) horas semanasis, para o o Departamento de Contabilidade do Setor de Ci\u00eancias Sociais Aplicadas, aa partir da assinatura do contrato, aatt\u00e9\u00e9 0D56.03.2004, na vaga decorrcente da exounecra\u00e7\u00e3o de Vilson Jos\u00ea\u00e9 Masuttttii. 1.. Conceder 6o acr\u00e9scimo salarial, de aaccordo com &#038;9 artigo 1\u00ba, $$ 1\u00ba, ali\u00ednea a da Lei n\u00ba 8E,.2943\/901, tendo em vista possuir o cert\u00failfiicado de Especializa\u00e7\u00e3o, na Moadoadlaihdade de Trabalho em: Finanr\u00e7as ee Controladoria.  {&#8220;height&#8221;:&#8221;15px&#8221;} <\/p>\n<div style=\"height:15px\" aria-hidden=\"true\" class=\"wp-block-spacer\"> <!--\n<\/p>\n","protected":false},"author":41,"featured_media":0,"comment_status":"closed","ping_status":"closed","sticky":false,"template":"wp-custom-template-emissao-entre-01-05-2004-ate-30-06-2017","format":"standard","meta":{"_acf_changed":false,"iawp_total_views":0,"footnotes":""},"categories":[232],"tags":[],"class_list":["post-242223","post","type-post","status-publish","format-standard","hentry","category-prhae"],"acf":[],"_links":{"self":[{"href":"https:\/\/progepe.ufpr.br\/portarias\/wp-json\/wp\/v2\/posts\/242223","targetHints":{"allow":["GET"]}}],"collection":[{"href":"https:\/\/progepe.ufpr.br\/portarias\/wp-json\/wp\/v2\/posts"}],"about":[{"href":"https:\/\/progepe.ufpr.br\/portarias\/wp-json\/wp\/v2\/types\/post"}],"author":[{"embeddable":true,"href":"https:\/\/progepe.ufpr.br\/portarias\/wp-json\/wp\/v2\/users\/41"}],"replies":[{"embeddable":true,"href":"https:\/\/progepe.ufpr.br\/portarias\/wp-json\/wp\/v2\/comments?post=242223"}],"version-history":[{"count":1,"href":"https:\/\/progepe.ufpr.br\/portarias\/wp-json\/wp\/v2\/posts\/242223\/revisions"}],"predecessor-version":[{"id":244916,"href":"https:\/\/progepe.ufpr.br\/portarias\/wp-json\/wp\/v2\/posts\/242223\/revisions\/244916"}],"wp:attachment":[{"href":"https:\/\/progepe.ufpr.br\/portarias\/wp-json\/wp\/v2\/media?parent=242223"}],"wp:term":[{"taxonomy":"category","embeddable":true,"href":"https:\/\/progepe.ufpr.br\/portarias\/wp-json\/wp\/v2\/categories?post=242223"},{"taxonomy":"post_tag","embeddable":true,"href":"https:\/\/progepe.ufpr.br\/portarias\/wp-json\/wp\/v2\/tags?post=242223"}],"curies":[{"name":"wp","href":"https:\/\/api.w.org\/{rel}","templated":true}]}}