{"id":242305,"date":"2003-07-17T10:01:00","date_gmt":"2003-07-17T13:01:00","guid":{"rendered":"http:\/\/progepe.ufpr.br\/portarias\/prhae-2003-02970\/"},"modified":"2024-03-22T10:44:58","modified_gmt":"2024-03-22T13:44:58","slug":"prhae-2003-02970","status":"publish","type":"post","link":"https:\/\/progepe.ufpr.br\/portarias\/prhae-2003-02970\/","title":{"rendered":"PORTARIA N\u00ba 02970\/PRHAE, DE 17 DE JULHO DE 2003"},"content":{"rendered":"\n<p style=\"padding-left:43%\">O Pr\u00f3-Reitor de Recursos Humanos e Assuntos Estudantis da Universidade Federal do Paran\u00e1, no uso de suas atribui\u00e7\u00f5es, tendo em vista a compet\u00eancia que lhe \u00e9 conferida pela Portaria n\u00ba 2.590, de 26 de setembro de 1997, e considerando o que consta no processo n\u00ba 11953\/03-23,<\/p>\n\n\n\n<p style=\"padding-left:43%\"><strong>RESOLVE:<\/strong><\/p>\n\n\n\n<p>Conceder Aposentadoria Volunt\u00e1ria Especial, nos termos do art. 40, inciso III, al\u00ednea &#8220;b&#8221; da Constitui\u00e7\u00e3o Federal, e Art. 3\u00ba da Emenda Constitucional n\u00ba 20\/98, combinado com o Art. 186, inciso III, al\u00ednea &#8220;b&#8221; da Lei n\u00ba 8.112\/90, a Docente SILVIA MARIA PEREIRA DE ARA\u00daJO &#8211; 61352, lotada no Departamento de Ci\u00eancias Sociais do Setor de Ci\u00eancias Humanas, Letras e Artes, ocupante do cargo de Professor Adjunto, n\u00edvel IV, com Doutorado, no regime de 40 (quarenta) horas semanais, com Dedica\u00e7\u00e3o Exclusiva, com o vencimento do mencionado cargo, mais a Gratifica\u00e7\u00e3o de Atividade, institu\u00edda pela Lei Delegada n\u00ba 13\/92, mais a Gratifica\u00e7\u00e3o Adicional por Tempo de Servi\u00e7o, prevista no Art. 67 da Lei n\u00ba 8.112\/90, no \u00edndice de 23% (vinte e tr\u00eas por cento), mais a Vantagem Pessoal do Art. 62 da Lei n\u00ba 8.112\/90, origin\u00e1ria da incorpora\u00e7\u00e3o nos termos do Art. 3\u00ba a 11\u00ba da Lei n\u00ba 8.911\/94, Lei n\u00ba 9.527\/97 e Lei n\u00ba 9.624\/98, correspondente as fra\u00e7\u00f5es de d\u00e9cimos equivalente a 4\/10 (quatro d\u00e9cimos) da Fun\u00e7\u00e3o Gratificada, c\u00f3digo FG-1, mais o percentual de 3,17% incorporado conforme Senten\u00e7a Judicial proferida na A\u00e7\u00e3o Ordin\u00e1ria n\u00ba 99.000.5007-0 da 2\u00aa Vara Civil Federal desta Capital, mais a Gratifica\u00e7\u00e3o de Est\u00edmulo a Doc\u00eancia institu\u00edda pela Lei n\u00ba 9.678\/98.<\/p>\n","protected":false},"excerpt":{"rendered":"<p>Conceder Aposentadoria Volunt\u00e1ria Especial, nos termos do art. 40, inciso III, al\u00ednea &#8220;b&#8221; da Constitui\u00e7\u00e3o Federal, e Art. 3\u00ba da Emenda Constitucional n\u00ba 20\/98, combinado com o Art. 186, inciso III, al\u00ednea &#8220;b&#8221; da Lei n\u00ba 8.112\/90, a Docente SILVIA MARIA PEREIRA DE ARA\u00daJO &#8211; 61352, lotada no Departamento de Ci\u00eancias Sociais do Setor de Ci\u00eancias Humanas, Letras e Artes, ocupante do cargo de Professor Adjunto, n\u00edvel IV, com Doutorado, no regime de 40 (quarenta) horas semanais, com Dedica\u00e7\u00e3o Exclusiva, com o vencimento do mencionado cargo, mais a Gratifica\u00e7\u00e3o de Atividade, institu\u00edda pela Lei Delegada n\u00ba 13\/92, mais<\/p>\n","protected":false},"author":41,"featured_media":0,"comment_status":"closed","ping_status":"closed","sticky":false,"template":"","format":"standard","meta":{"_acf_changed":false,"iawp_total_views":3,"footnotes":""},"categories":[232],"tags":[125],"class_list":["post-242305","post","type-post","status-publish","format-standard","hentry","category-prhae","tag-aposentadoria"],"acf":[],"_links":{"self":[{"href":"https:\/\/progepe.ufpr.br\/portarias\/wp-json\/wp\/v2\/posts\/242305","targetHints":{"allow":["GET"]}}],"collection":[{"href":"https:\/\/progepe.ufpr.br\/portarias\/wp-json\/wp\/v2\/posts"}],"about":[{"href":"https:\/\/progepe.ufpr.br\/portarias\/wp-json\/wp\/v2\/types\/post"}],"author":[{"embeddable":true,"href":"https:\/\/progepe.ufpr.br\/portarias\/wp-json\/wp\/v2\/users\/41"}],"replies":[{"embeddable":true,"href":"https:\/\/progepe.ufpr.br\/portarias\/wp-json\/wp\/v2\/comments?post=242305"}],"version-history":[{"count":4,"href":"https:\/\/progepe.ufpr.br\/portarias\/wp-json\/wp\/v2\/posts\/242305\/revisions"}],"predecessor-version":[{"id":255198,"href":"https:\/\/progepe.ufpr.br\/portarias\/wp-json\/wp\/v2\/posts\/242305\/revisions\/255198"}],"wp:attachment":[{"href":"https:\/\/progepe.ufpr.br\/portarias\/wp-json\/wp\/v2\/media?parent=242305"}],"wp:term":[{"taxonomy":"category","embeddable":true,"href":"https:\/\/progepe.ufpr.br\/portarias\/wp-json\/wp\/v2\/categories?post=242305"},{"taxonomy":"post_tag","embeddable":true,"href":"https:\/\/progepe.ufpr.br\/portarias\/wp-json\/wp\/v2\/tags?post=242305"}],"curies":[{"name":"wp","href":"https:\/\/api.w.org\/{rel}","templated":true}]}}