{"id":242314,"date":"2003-07-17T10:10:00","date_gmt":"2003-07-17T13:10:00","guid":{"rendered":"http:\/\/progepe.ufpr.br\/portarias\/prhae-2003-02979\/"},"modified":"2023-09-05T09:33:13","modified_gmt":"2023-09-05T12:33:13","slug":"prhae-2003-02979","status":"publish","type":"post","link":"https:\/\/progepe.ufpr.br\/portarias\/prhae-2003-02979\/","title":{"rendered":"PORTARIA N\u00ba 02979\/PRHAE, DE 17 DE JULHO DE 2003"},"content":{"rendered":"\n<p>O Pr\u00f3-Reitor de Recursos Humanos e Assuntos Estudantis da Universidade Federal do Paran\u00e1, no uso de suas atribui\u00e7\u00f5es, tendo em vviissttaa \u00e0 \u00e0 ccoommppet\u00eancia qquue lIhe \u00e9\u00e9 ccoonnfferida pela PPoorrttaria n0\u00ba\u00ba 2.590, de 26 ddee setteembmrbo rode [1997 ee oo qquuee consta ddoo aarrtigco 1\u00ba, &#038; 1\u00ba, alinc\u00e7a A, da Lei n\u00ba 8.243\/91, ec aiinndad ao6 contido no processo n\u00ba 239977\/\/0033-40H4,<\/p>\n\n\n<p><strong>RESOLVE:<\/strong><\/p>\n\n\n<p>Conceder aaccr\u00e9scimo ssaellaarriiala,l , as parrttiirr de 29 de mmaio dee 2003, \u00e0 Professora de 1\u00ba ee 2\u00ba Graauuss ANA HELENA CORREA DE FREITAS GIL &#8211; 125407, n\u00edvel IV, no regime dde ddedica\u00e7\u00e3o exclusivaa,, lloottaaddaa nnaa Escola T\u00e9cnica da Universidade Federal ddoo PPaaran\u00e1, tendo em vista ter obtido o Certificado de Mestre em Produ\u00e7\u00e3o ddoo EEsspa\u00e7o Urbano.<\/p><p><\/p>\n\n\n<div style=\"height:15px\" aria-hidden=\"true\" class=\"wp-block-spacer\"><\/div>\n\n\n<div class=\"wp-block-buttons is-content-justification-right is-layout-flex wp-container-core-buttons-is-layout-1 wp-block-buttons-is-layout-flex\">\n<div class=\"wp-block-button has-custom-font-size is-style-outline has-small-font-size is-style-outline--1\"><a class=\"wp-block-button__link\" href=\"https:\/\/progepe.ufpr.br\/portarias\/wp-content\/uploads\/pcp\/PRHAE\/2003\/2979PR.pdf\" style=\"border-radius:0px\" target=\"_blank\" rel=\"noreferrer noopener\">Acesse o arquivo da portaria<\/a><\/div><\/div>\n","protected":false},"excerpt":{"rendered":"<p>Conceder aaccr\u00e9scimo ssaellaarriiala,l , as parrttiirr de 29 de mmaio dee 2003, \u00e0 Professora de 1\u00ba ee 2\u00ba Graauuss ANA HELENA CORREA DE FREITAS GIL &#8211; 125407, n\u00edvel IV, no regime dde ddedica\u00e7\u00e3o exclusivaa,, lloottaaddaa nnaa Escola T\u00e9cnica da Universidade Federal ddoo PPaaran\u00e1, tendo em vista ter obtido o Certificado de Mestre em Produ\u00e7\u00e3o ddoo EEsspa\u00e7o Urbano.  {&#8220;height&#8221;:&#8221;15px&#8221;} <\/p>\n<div style=\"height:15px\" aria-hidden=\"true\" class=\"wp-block-spacer\"> <!-- \/wp:spacer  {\"layout\":{\"type\":\"flex\",\"justifyContent\":\"right\"}} \n\n<div class=\"wp-block-buttons\"><!-- wp:button {\"style\":{\"border\":{\"radius\":\"0px\"}},\"className\":\"is-style-outline\",\"fontSize\":\"small\"} \n\n<div class=\"wp-block-button has-custom-font-size is-style-outline has-small-font-size\"><a class=\"wp-block-button__link\" href=\"https:\/\/progepe.ufpr.br\/portarias\/wp-content\/uploads\/pcp\/PRHAE\/2003\/2979PR.pdf\" style=\"border-radius:0px\" target=\"_blank\" rel=\"noreferrer noopener\">Acesse o arquivo da portaria<\/a><!-- \/wp:button <!-- \/wp:buttons\n<\/p>\n","protected":false},"author":41,"featured_media":0,"comment_status":"closed","ping_status":"closed","sticky":false,"template":"wp-custom-template-emissao-entre-01-05-2004-ate-30-06-2017","format":"standard","meta":{"_acf_changed":false,"iawp_total_views":0,"footnotes":""},"categories":[232],"tags":[],"class_list":["post-242314","post","type-post","status-publish","format-standard","hentry","category-prhae"],"acf":[],"_links":{"self":[{"href":"https:\/\/progepe.ufpr.br\/portarias\/wp-json\/wp\/v2\/posts\/242314","targetHints":{"allow":["GET"]}}],"collection":[{"href":"https:\/\/progepe.ufpr.br\/portarias\/wp-json\/wp\/v2\/posts"}],"about":[{"href":"https:\/\/progepe.ufpr.br\/portarias\/wp-json\/wp\/v2\/types\/post"}],"author":[{"embeddable":true,"href":"https:\/\/progepe.ufpr.br\/portarias\/wp-json\/wp\/v2\/users\/41"}],"replies":[{"embeddable":true,"href":"https:\/\/progepe.ufpr.br\/portarias\/wp-json\/wp\/v2\/comments?post=242314"}],"version-history":[{"count":1,"href":"https:\/\/progepe.ufpr.br\/portarias\/wp-json\/wp\/v2\/posts\/242314\/revisions"}],"predecessor-version":[{"id":244999,"href":"https:\/\/progepe.ufpr.br\/portarias\/wp-json\/wp\/v2\/posts\/242314\/revisions\/244999"}],"wp:attachment":[{"href":"https:\/\/progepe.ufpr.br\/portarias\/wp-json\/wp\/v2\/media?parent=242314"}],"wp:term":[{"taxonomy":"category","embeddable":true,"href":"https:\/\/progepe.ufpr.br\/portarias\/wp-json\/wp\/v2\/categories?post=242314"},{"taxonomy":"post_tag","embeddable":true,"href":"https:\/\/progepe.ufpr.br\/portarias\/wp-json\/wp\/v2\/tags?post=242314"}],"curies":[{"name":"wp","href":"https:\/\/api.w.org\/{rel}","templated":true}]}}