{"id":242316,"date":"2003-07-17T10:12:00","date_gmt":"2003-07-17T13:12:00","guid":{"rendered":"http:\/\/progepe.ufpr.br\/portarias\/prhae-2003-02981\/"},"modified":"2024-03-22T13:44:04","modified_gmt":"2024-03-22T16:44:04","slug":"prhae-2003-02981","status":"publish","type":"post","link":"https:\/\/progepe.ufpr.br\/portarias\/prhae-2003-02981\/","title":{"rendered":"PORTARIA N\u00ba 02981\/PRHAE, DE 17 DE JULHO DE 2003"},"content":{"rendered":"\n<p style=\"padding-left:43%\">O Pr\u00f3-Reitor de Recursos Humanos e Assuntos Estudantis da Universidade Federal do Paran\u00e1, no uso de suas atribui\u00e7\u00f5es, tendo em vista a compet\u00eancia que lhe \u00e9 conferida pela Portaria n\u00ba 2.590, de 26 de setembro de 1997 e o que consta do artigo 1\u00ba, \u00a7 1\u00ba, al\u00ednea &#8220;A&#8221;, da Lei n\u00ba 8.243\/91, e ainda o contido no processo n\u00ba 27104\/03-09,<\/p>\n\n\n\n<p style=\"padding-left:43%\"><strong>RESOLVE:<\/strong><\/p>\n\n\n\n<p>Conceder acr\u00e9scimo salarial, a partir de 12 de junho de 2003, ao Professor CLAUDIO LUIZ CUROTTO &#8211; 109282, classe Adjunto, n\u00edvel II, no regime de dedica\u00e7\u00e3o exclusiva, lotado no Departamento de Constru\u00e7\u00e3o Civil do Setor de Tecnologia, tendo em vista ter obtido o t\u00edtulo de Doutor em Engenharia Civil &#8211; Sistemas Computacionais.<\/p>\n","protected":false},"excerpt":{"rendered":"<p>Conceder acr\u00e9scimo salarial, a partir de 12 de junho de 2003, ao Professor CLAUDIO LUIZ CUROTTO &#8211; 109282, classe Adjunto, n\u00edvel II, no regime de dedica\u00e7\u00e3o exclusiva, lotado no Departamento de Constru\u00e7\u00e3o Civil do Setor de Tecnologia, tendo em vista ter obtido o t\u00edtulo de Doutor em Engenharia Civil &#8211; Sistemas Computacionais.<\/p>\n","protected":false},"author":41,"featured_media":0,"comment_status":"closed","ping_status":"closed","sticky":false,"template":"","format":"standard","meta":{"_acf_changed":false,"iawp_total_views":2,"footnotes":""},"categories":[232],"tags":[283],"class_list":["post-242316","post","type-post","status-publish","format-standard","hentry","category-prhae","tag-acrescimo-salarial"],"acf":[],"_links":{"self":[{"href":"https:\/\/progepe.ufpr.br\/portarias\/wp-json\/wp\/v2\/posts\/242316","targetHints":{"allow":["GET"]}}],"collection":[{"href":"https:\/\/progepe.ufpr.br\/portarias\/wp-json\/wp\/v2\/posts"}],"about":[{"href":"https:\/\/progepe.ufpr.br\/portarias\/wp-json\/wp\/v2\/types\/post"}],"author":[{"embeddable":true,"href":"https:\/\/progepe.ufpr.br\/portarias\/wp-json\/wp\/v2\/users\/41"}],"replies":[{"embeddable":true,"href":"https:\/\/progepe.ufpr.br\/portarias\/wp-json\/wp\/v2\/comments?post=242316"}],"version-history":[{"count":4,"href":"https:\/\/progepe.ufpr.br\/portarias\/wp-json\/wp\/v2\/posts\/242316\/revisions"}],"predecessor-version":[{"id":255212,"href":"https:\/\/progepe.ufpr.br\/portarias\/wp-json\/wp\/v2\/posts\/242316\/revisions\/255212"}],"wp:attachment":[{"href":"https:\/\/progepe.ufpr.br\/portarias\/wp-json\/wp\/v2\/media?parent=242316"}],"wp:term":[{"taxonomy":"category","embeddable":true,"href":"https:\/\/progepe.ufpr.br\/portarias\/wp-json\/wp\/v2\/categories?post=242316"},{"taxonomy":"post_tag","embeddable":true,"href":"https:\/\/progepe.ufpr.br\/portarias\/wp-json\/wp\/v2\/tags?post=242316"}],"curies":[{"name":"wp","href":"https:\/\/api.w.org\/{rel}","templated":true}]}}