{"id":242318,"date":"2003-07-17T10:14:00","date_gmt":"2003-07-17T13:14:00","guid":{"rendered":"http:\/\/progepe.ufpr.br\/portarias\/prhae-2003-02983\/"},"modified":"2023-09-05T09:33:13","modified_gmt":"2023-09-05T12:33:13","slug":"prhae-2003-02983","status":"publish","type":"post","link":"https:\/\/progepe.ufpr.br\/portarias\/prhae-2003-02983\/","title":{"rendered":"PORTARIA N\u00ba 02983\/PRHAE, DE 17 DE JULHO DE 2003"},"content":{"rendered":"\n<p>O Pr\u00f3-Reitor de Recursos Humanos e A\u00c1sssuunnttoos Estiundlaanntis da Universidade Federal do Paraannd\u00e1\u00e1, no 1u5s0o de Ssuas atribui\u00e7\u00f5es, tendo em vista \u00e0 a compet\u00eancia que lhe \u00e9 coniferida pela PPoorrttaarriiaa nn\u00ba\u00ba 22.,55990, ddee 276 de ssewemmbbrroo de 19957 ee conssiidderearnadnod oo 0 que consta no artigo 3\u00ba9, inciso V da Lei n\u00ba 8,11112\/9000 \u00e9e ainda o econtido no processo n\u00ba 27554444\/\/003-34-00411,<\/p>\n\n\n<p><strong>RESOLVE:<\/strong><\/p>\n\n\n<p>L AAvveerrbar, aa ppaartir de 17 de jjuunnho de 220003, para ffiinnsg dee aappoosseennttadorina \u00e9e dispoenibilidade, o tempo de servi\u00e7o prestado \u00e0 Cl\u00ednnicca Infantil Campinas Lidaa, , no per\u00edocdo de 02.01.7713 \u00e0a 2288..0022.,729, no toatlal de 5588 ((cciinquieenmta e oito) dias;; Cl\u00ednica S\u00e3o Lucas, nno ppere\u00edodro \u00edde: o 01d.,0o4\/,7 4 \u00e0a 2211,0.1.0751, .n7o 5t,ootla l ddee 2F96 (duzemnkeos \u00e9&#038; noventa e\u00e9 seis) diaass;; PPrreeffeeiittuurraa Muumnviicipal de JJaarr\u00e1aguea do Sul, nnoo pesrf\u00edodo de 06.02.889 \u00e0a 0G6O.092.,91, no total de 9S4433 (nomveocenrtoss ee quareanta ee ttr\u00eas) dias;, A.PP..MIv.LII Sazzraa Lagtteess,, nnoo pere\u00edodor d\u00ede o15,d.007.7o9.29 2a 10.0022..9944,, no totail de 576 ((qquli\u00e2nhentos e e sseetteennttaa e seis) diaass;; Fund. da UFPR py DCOTC,; nnoo ppeerr\u00ed\u00edoado de 24.,0.099..9944 aa 011.07..,9966, no ttootall de 66447 ((ssediisscceennttooss ee querventa ec sete) dias \u2014 em favor da serviddoorraa CELIA MARIA TURRI TELIS &#8211; 141615, ocoucpantue dpo caarpgon ddeet M\u00e9e\u00e1driic oo, lotada no HHiogistalp die tClainniliccaas s..<\/p><p> T1., Avesvtar,e aa sppaurrtttiirr -dda rtearsesmmaa, cdie tfa, ppera ffiins -ddee aposentadoria, aappoosentadoria esqppeecriial e\u20ac ddiispornnitboilidade, 0o tto\u00f3ntippoo de sSetrvi\u00e7o prestadoo \u00e0\u00e0 SSaocc.. CCaammppiinneeiirra de EEdl. e Ibnhs t No pere\u00edodro idoe 001c).1.0d088.,8.o800 \u00e0a 05.0n2o t.tota86l 95de ,3.1 11] (qtr\u00eas mil ceonmtoo e oanrzzee)) dias e, FFaaculdade de CCii\u00ea\u00eanncciiaass MM\u00e9\u00e9ddicas, no peor\u00edfnodo dee 08,125.75 12 3311,,20077.,807, nno\u00f35 total de 1:47808 (humm mnill seetecienetocs e6e nIrn\u00eats) oddsieass s,, aa rreeffeerriidca servidora.<\/p><p><\/p>\n\n\n<div style=\"height:15px\" aria-hidden=\"true\" class=\"wp-block-spacer\"><\/div>\n\n\n<div class=\"wp-block-buttons is-content-justification-right is-layout-flex wp-container-core-buttons-is-layout-1 wp-block-buttons-is-layout-flex\">\n<div class=\"wp-block-button has-custom-font-size is-style-outline has-small-font-size is-style-outline--1\"><a class=\"wp-block-button__link\" href=\"https:\/\/progepe.ufpr.br\/portarias\/wp-content\/uploads\/pcp\/PRHAE\/2003\/2983PR.pdf\" style=\"border-radius:0px\" target=\"_blank\" rel=\"noreferrer noopener\">Acesse o arquivo da portaria<\/a><\/div><\/div>\n","protected":false},"excerpt":{"rendered":"<p>L AAvveerrbar, aa ppaartir de 17 de jjuunnho de 220003, para ffiinnsg dee aappoosseennttadorina \u00e9e dispoenibilidade, o tempo de servi\u00e7o prestado \u00e0 Cl\u00ednnicca Infantil Campinas Lidaa, , no per\u00edocdo de 02.01.7713 \u00e0a 2288..0022.,729, no toatlal de 5588 ((cciinquieenmta e oito) dias;; Cl\u00ednica S\u00e3o Lucas, nno ppere\u00edodro \u00edde: o 01d.,0o4\/,7 4 \u00e0a 2211,0.1.0751, .n7o 5t,ootla l ddee 2F96 (duzemnkeos \u00e9&#038; noventa e\u00e9 seis) diaass;; PPrreeffeeiittuurraa Muumnviicipal de JJaarr\u00e1aguea do Sul, nnoo pesrf\u00edodo de 06.02.889 \u00e0a 0G6O.092.,91, no total de 9S4433 (nomveocenrtoss ee quareanta ee ttr\u00eas) dias;, A.PP..MIv.LII Sazzraa Lagtteess,, nnoo pere\u00edodor d\u00ede o15,d.007.7o9.29 2a 10.0022..9944,, no totail de 576<\/p>\n","protected":false},"author":41,"featured_media":0,"comment_status":"closed","ping_status":"closed","sticky":false,"template":"wp-custom-template-emissao-entre-01-05-2004-ate-30-06-2017","format":"standard","meta":{"_acf_changed":false,"iawp_total_views":1,"footnotes":""},"categories":[232],"tags":[],"class_list":["post-242318","post","type-post","status-publish","format-standard","hentry","category-prhae"],"acf":[],"_links":{"self":[{"href":"https:\/\/progepe.ufpr.br\/portarias\/wp-json\/wp\/v2\/posts\/242318","targetHints":{"allow":["GET"]}}],"collection":[{"href":"https:\/\/progepe.ufpr.br\/portarias\/wp-json\/wp\/v2\/posts"}],"about":[{"href":"https:\/\/progepe.ufpr.br\/portarias\/wp-json\/wp\/v2\/types\/post"}],"author":[{"embeddable":true,"href":"https:\/\/progepe.ufpr.br\/portarias\/wp-json\/wp\/v2\/users\/41"}],"replies":[{"embeddable":true,"href":"https:\/\/progepe.ufpr.br\/portarias\/wp-json\/wp\/v2\/comments?post=242318"}],"version-history":[{"count":1,"href":"https:\/\/progepe.ufpr.br\/portarias\/wp-json\/wp\/v2\/posts\/242318\/revisions"}],"predecessor-version":[{"id":245003,"href":"https:\/\/progepe.ufpr.br\/portarias\/wp-json\/wp\/v2\/posts\/242318\/revisions\/245003"}],"wp:attachment":[{"href":"https:\/\/progepe.ufpr.br\/portarias\/wp-json\/wp\/v2\/media?parent=242318"}],"wp:term":[{"taxonomy":"category","embeddable":true,"href":"https:\/\/progepe.ufpr.br\/portarias\/wp-json\/wp\/v2\/categories?post=242318"},{"taxonomy":"post_tag","embeddable":true,"href":"https:\/\/progepe.ufpr.br\/portarias\/wp-json\/wp\/v2\/tags?post=242318"}],"curies":[{"name":"wp","href":"https:\/\/api.w.org\/{rel}","templated":true}]}}