{"id":242427,"date":"2003-08-04T10:12:00","date_gmt":"2003-08-04T13:12:00","guid":{"rendered":"http:\/\/progepe.ufpr.br\/portarias\/prhae-2003-03092\/"},"modified":"2023-09-05T09:33:17","modified_gmt":"2023-09-05T12:33:17","slug":"prhae-2003-03092","status":"publish","type":"post","link":"https:\/\/progepe.ufpr.br\/portarias\/prhae-2003-03092\/","title":{"rendered":"PORTARIA N\u00ba 03092\/PRHAE, DE 04 DE AGOSTO DE 2003"},"content":{"rendered":"\n<p>O Pr\u00f3-Reitor ddee RReeccuurrssooss Humanos e\u20ac Assuntos Estusdantis uddaa d UUnnaiivveernrsidtadei FFeseddeerr aall ddoo Paraanr\u00e1,a no \u00e1us,o de ssuas aitribui\u00ed\u00e7\u00f5es,, tTendo em vistaa a\u00e0 ccoommppeett\u00ea\u00eanncciiaa qquue lhe \u00e9\u00e9 conferida ppeellaa Portaria nn\u00ba\u00ba 2.,590, ddee 26 ddee setembro ddee 1997, constiderando oo que consta nas Leis n\u00ba 38.745\/93 ee 9.849\/9059 ee de acordo com a\u00e0ss Resolu\u00e7\u00f5es nn\u00ba\u00ba 723\/91-CEPF, 31\/95-CEP ee 26\/96-CEPE, \u00e9e aaiinnddaa oo contidoa nnoo processoe nn\u00ba\u00ba 3312377\/\/0033&#8211;81,<\/p>\n\n\n<p><strong>RESOLVE:<\/strong><\/p>\n\n\n<p>E[. CCoonnttrraattaar LUIZ HENRIQUE ALVES DE SOUZA, ccoommoo PPrrooffeessssoorr SSuubbssttiiltuutloo,, ccoomm ssaall\u00e1\u00e1rriioo ccoorrrreessppoonnddeennttee \u00e0\u00e0 ccllaassssee ddee PPrrooffeessssoorr AAssssiisstteennttee,, nn\u00ed\u00edvveell 11,, nnoo regime de trabalho de 20 (vinte) horas semanais, para o Departamento de Filosofia do Setor de Ci\u00e9\u00eancias Humanas, Letras ee Artes, aa partir da assinatura do conttraatto, at\u00e9 1155 de dezembro de 20(03, na vaga 3339534, M1H1., Concpedero n acr\u00e9sscciinmo salarial, de acordo com o artigo 1\u00ba,, &#038;$ 1\u00ba,, aall\u00edinneeaa aa ddaa LLeeii nn\u00ba\u00ba 88..224433\/\/9911, , wtennddoo eemm vviissttaa ppoossssuuiir ro 6 tt\u00ed\u00fatnuiloo ddee MMeessttrree.<\/p><p><\/p>\n\n\n<div style=\"height:15px\" aria-hidden=\"true\" class=\"wp-block-spacer\"><\/div>\n\n\n<div class=\"wp-block-buttons is-content-justification-right is-layout-flex wp-container-core-buttons-is-layout-1 wp-block-buttons-is-layout-flex\">\n<div class=\"wp-block-button has-custom-font-size is-style-outline has-small-font-size is-style-outline--1\"><a class=\"wp-block-button__link\" href=\"https:\/\/progepe.ufpr.br\/portarias\/wp-content\/uploads\/pcp\/PRHAE\/2003\/3092PR.pdf\" style=\"border-radius:0px\" target=\"_blank\" rel=\"noreferrer noopener\">Acesse o arquivo da portaria<\/a><\/div><\/div>\n","protected":false},"excerpt":{"rendered":"<p>E[. CCoonnttrraattaar LUIZ HENRIQUE ALVES DE SOUZA, ccoommoo PPrrooffeessssoorr SSuubbssttiiltuutloo,, ccoomm ssaall\u00e1\u00e1rriioo ccoorrrreessppoonnddeennttee \u00e0\u00e0 ccllaassssee ddee PPrrooffeessssoorr AAssssiisstteennttee,, nn\u00ed\u00edvveell 11,, nnoo regime de trabalho de 20 (vinte) horas semanais, para o Departamento de Filosofia do Setor de Ci\u00e9\u00eancias Humanas, Letras ee Artes, aa partir da assinatura do conttraatto, at\u00e9 1155 de dezembro de 20(03, na vaga 3339534, M1H1., Concpedero n acr\u00e9sscciinmo salarial, de acordo com o artigo 1\u00ba,, &#038;$ 1\u00ba,, aall\u00edinneeaa aa ddaa LLeeii nn\u00ba\u00ba 88..224433\/\/9911, , wtennddoo eemm vviissttaa ppoossssuuiir ro 6 tt\u00ed\u00fatnuiloo ddee MMeessttrree.  {&#8220;height&#8221;:&#8221;15px&#8221;} <\/p>\n<div style=\"height:15px\" aria-hidden=\"true\" class=\"wp-block-spacer\"> <!-- \/wp:spacer  {\"layout\":{\"type\":\"flex\",\"justifyContent\":\"right\"}} \n\n<div class=\"wp-block-buttons\"><!--\n<\/p>\n","protected":false},"author":41,"featured_media":0,"comment_status":"closed","ping_status":"closed","sticky":false,"template":"wp-custom-template-emissao-entre-01-05-2004-ate-30-06-2017","format":"standard","meta":{"_acf_changed":false,"iawp_total_views":0,"footnotes":""},"categories":[232],"tags":[],"class_list":["post-242427","post","type-post","status-publish","format-standard","hentry","category-prhae"],"acf":[],"_links":{"self":[{"href":"https:\/\/progepe.ufpr.br\/portarias\/wp-json\/wp\/v2\/posts\/242427","targetHints":{"allow":["GET"]}}],"collection":[{"href":"https:\/\/progepe.ufpr.br\/portarias\/wp-json\/wp\/v2\/posts"}],"about":[{"href":"https:\/\/progepe.ufpr.br\/portarias\/wp-json\/wp\/v2\/types\/post"}],"author":[{"embeddable":true,"href":"https:\/\/progepe.ufpr.br\/portarias\/wp-json\/wp\/v2\/users\/41"}],"replies":[{"embeddable":true,"href":"https:\/\/progepe.ufpr.br\/portarias\/wp-json\/wp\/v2\/comments?post=242427"}],"version-history":[{"count":1,"href":"https:\/\/progepe.ufpr.br\/portarias\/wp-json\/wp\/v2\/posts\/242427\/revisions"}],"predecessor-version":[{"id":245103,"href":"https:\/\/progepe.ufpr.br\/portarias\/wp-json\/wp\/v2\/posts\/242427\/revisions\/245103"}],"wp:attachment":[{"href":"https:\/\/progepe.ufpr.br\/portarias\/wp-json\/wp\/v2\/media?parent=242427"}],"wp:term":[{"taxonomy":"category","embeddable":true,"href":"https:\/\/progepe.ufpr.br\/portarias\/wp-json\/wp\/v2\/categories?post=242427"},{"taxonomy":"post_tag","embeddable":true,"href":"https:\/\/progepe.ufpr.br\/portarias\/wp-json\/wp\/v2\/tags?post=242427"}],"curies":[{"name":"wp","href":"https:\/\/api.w.org\/{rel}","templated":true}]}}