{"id":242428,"date":"2003-08-04T10:13:00","date_gmt":"2003-08-04T13:13:00","guid":{"rendered":"http:\/\/progepe.ufpr.br\/portarias\/prhae-2003-03093\/"},"modified":"2023-09-05T09:33:17","modified_gmt":"2023-09-05T12:33:17","slug":"prhae-2003-03093","status":"publish","type":"post","link":"https:\/\/progepe.ufpr.br\/portarias\/prhae-2003-03093\/","title":{"rendered":"PORTARIA N\u00ba 03093\/PRHAE, DE 04 DE AGOSTO DE 2003"},"content":{"rendered":"\n<p>O Pr\u00f3-Reitor de Recurrssos Humanos ee Assuntos EEssttuuda\u00e1ntis da UniitvTeerrssidade Federal do PPaarraannd\u00e1\u00e1, nnoo uso ddee sSuas aattrriibbuuii\u00e7\u00e7\u00f5\u00f5eess, tteennddoo eemm vviisstta aa ccoommppeett\u00ea\u00eanncciiaa qquuee llhhee \u00e9\u00e9 conferida pela Portaria nn\u00ba\u00ba 22.,590, ddee 2266 ddee setembroddee 1997, ccoonnsiderando 0o qquuee ccoonnssteaa nnaass LLeeiiss nn\u00ba\u00ba $8\/. 745\/953 ee 9.849\/99 ee ddee acordo com aass Resolu\u00e7\u00f5es nn\u00ba\u00ba 72\/\/9911&#8211;CCEP, 31\/95-CEP ee 26\/966-CCEEPE, ee aai\u00fannddaa uo ccoonnttiiddoo nnoo pprroocceessssoo nn\u00ba\u00ba 2277444469\/\/0033&#8211;77229,,<\/p>\n\n\n<p><strong>RESOLVE:<\/strong><\/p>\n\n\n<p>11.. CCoonnttrraataar ANG\u00c9LICA BORCATH BARBIERI, como PPrrooffeessssoorr Substituto, com sal\u00e1rio cormreessppoonnddeente \u00e0 cliasse de Professor Auxiliar, n\u00edvel 11,, no regime de Itrraabbaallhhoo ddee 2200 ((vviinnttee)) hhoorraass sseemmaannaaiiss,, parra ao o Departamento ddee Administra\u00e7\u00e3o GGeerraall ee Aplticada ddoo SSeettoorr ddee CCii\u00ea\u00eanncciiaass SSoacciiaaiiss AApplliiccaaddaass,, aa ppaarrttiirr ddaa aassssimnaatnuirraa ddoo ccoonnttrraattoo,, aatt\u00e9\u00e9 DO66 ddee mar\u00e7odd ee 2O0I0M4, nn\u00e3a vaggaa ddeeccoorrente ddao afastamento ddee JJooss\u00e9\u00e9 Henrique ddee FFaarriiaa..<\/p><p> 11.. CConocedenr c\u00e0o aaccerr\u00e9\u00e9sscdciimmooe sarlari al, ddee aacocrdoo corm do aorti ggoo 1\u00ba, $ 1\u00ba, aal\u00ednlea \u00edaa\u00ban ddaea LLaeeii nn\u00ba\u00ba 8E..224433\/\/991,, tteennddoo eemm vviissttaa ppoossssuuiirr oo \u00fatf\u00edituulloo ddee Espeecciailailzai\u00e7z\u00e3ao\u00e7 \u00e3eeomm DDiirreeintoo PFPrroocceessssuuaall CCihvyiill.<\/p><p><\/p>\n\n\n<div style=\"height:15px\" aria-hidden=\"true\" class=\"wp-block-spacer\"><\/div>\n\n\n<div class=\"wp-block-buttons is-content-justification-right is-layout-flex wp-container-core-buttons-is-layout-1 wp-block-buttons-is-layout-flex\">\n<div class=\"wp-block-button has-custom-font-size is-style-outline has-small-font-size is-style-outline--1\"><a class=\"wp-block-button__link\" href=\"https:\/\/progepe.ufpr.br\/portarias\/wp-content\/uploads\/pcp\/PRHAE\/2003\/3093PR.pdf\" style=\"border-radius:0px\" target=\"_blank\" rel=\"noreferrer noopener\">Acesse o arquivo da portaria<\/a><\/div><\/div>\n","protected":false},"excerpt":{"rendered":"<p>11.. CCoonnttrraataar ANG\u00c9LICA BORCATH BARBIERI, como PPrrooffeessssoorr Substituto, com sal\u00e1rio cormreessppoonnddeente \u00e0 cliasse de Professor Auxiliar, n\u00edvel 11,, no regime de Itrraabbaallhhoo ddee 2200 ((vviinnttee)) hhoorraass sseemmaannaaiiss,, parra ao o Departamento ddee Administra\u00e7\u00e3o GGeerraall ee Aplticada ddoo SSeettoorr ddee CCii\u00ea\u00eanncciiaass SSoacciiaaiiss AApplliiccaaddaass,, aa ppaarrttiirr ddaa aassssimnaatnuirraa ddoo ccoonnttrraattoo,, aatt\u00e9\u00e9 DO66 ddee mar\u00e7odd ee 2O0I0M4, nn\u00e3a vaggaa ddeeccoorrente ddao afastamento ddee JJooss\u00e9\u00e9 Henrique ddee FFaarriiaa.. 11.. CConocedenr c\u00e0o aaccerr\u00e9\u00e9sscdciimmooe sarlari al, ddee aacocrdoo corm do aorti ggoo 1\u00ba, $ 1\u00ba, aal\u00ednlea \u00edaa\u00ban ddaea LLaeeii nn\u00ba\u00ba 8E..224433\/\/991,, tteennddoo eemm vviissttaa ppoossssuuiirr oo \u00fatf\u00edituulloo ddee Espeecciailailzai\u00e7z\u00e3ao\u00e7 \u00e3eeomm DDiirreeintoo PFPrroocceessssuuaall CCihvyiill.<\/p>\n","protected":false},"author":41,"featured_media":0,"comment_status":"closed","ping_status":"closed","sticky":false,"template":"wp-custom-template-emissao-entre-01-05-2004-ate-30-06-2017","format":"standard","meta":{"_acf_changed":false,"iawp_total_views":0,"footnotes":""},"categories":[232],"tags":[],"class_list":["post-242428","post","type-post","status-publish","format-standard","hentry","category-prhae"],"acf":[],"_links":{"self":[{"href":"https:\/\/progepe.ufpr.br\/portarias\/wp-json\/wp\/v2\/posts\/242428","targetHints":{"allow":["GET"]}}],"collection":[{"href":"https:\/\/progepe.ufpr.br\/portarias\/wp-json\/wp\/v2\/posts"}],"about":[{"href":"https:\/\/progepe.ufpr.br\/portarias\/wp-json\/wp\/v2\/types\/post"}],"author":[{"embeddable":true,"href":"https:\/\/progepe.ufpr.br\/portarias\/wp-json\/wp\/v2\/users\/41"}],"replies":[{"embeddable":true,"href":"https:\/\/progepe.ufpr.br\/portarias\/wp-json\/wp\/v2\/comments?post=242428"}],"version-history":[{"count":1,"href":"https:\/\/progepe.ufpr.br\/portarias\/wp-json\/wp\/v2\/posts\/242428\/revisions"}],"predecessor-version":[{"id":245104,"href":"https:\/\/progepe.ufpr.br\/portarias\/wp-json\/wp\/v2\/posts\/242428\/revisions\/245104"}],"wp:attachment":[{"href":"https:\/\/progepe.ufpr.br\/portarias\/wp-json\/wp\/v2\/media?parent=242428"}],"wp:term":[{"taxonomy":"category","embeddable":true,"href":"https:\/\/progepe.ufpr.br\/portarias\/wp-json\/wp\/v2\/categories?post=242428"},{"taxonomy":"post_tag","embeddable":true,"href":"https:\/\/progepe.ufpr.br\/portarias\/wp-json\/wp\/v2\/tags?post=242428"}],"curies":[{"name":"wp","href":"https:\/\/api.w.org\/{rel}","templated":true}]}}