{"id":242431,"date":"2003-08-04T10:16:00","date_gmt":"2003-08-04T13:16:00","guid":{"rendered":"http:\/\/progepe.ufpr.br\/portarias\/prhae-2003-03096\/"},"modified":"2023-09-05T09:33:17","modified_gmt":"2023-09-05T12:33:17","slug":"prhae-2003-03096","status":"publish","type":"post","link":"https:\/\/progepe.ufpr.br\/portarias\/prhae-2003-03096\/","title":{"rendered":"PORTARIA N\u00ba 03096\/PRHAE, DE 04 DE AGOSTO DE 2003"},"content":{"rendered":"\n<p>O Pr\u00f3-Reitor de Recursos Humanos e\u20ac A\u00c1ssuntos Estudantis da Universidade Federal ddoo Paran\u00e1, nnoo uussoo ddee sSuuaass aattrriibbuuii\u00e7\u00e7\u00f5\u00f5eess,, tteernxdloo em vviissttaa a a compet\u00eancia qquuee llhhee \u00e9\u00e9 ccoonnffeerrliddaa ppeellaa Portaria nn\u00ba\u00ba 2,.590, ddee 2266 ddee setembro ddee 1997 e\u00e9 conside\u00e9rando oo qquuee ccoonnssttaa nnoo pprroocceessssoo nn\u00ba\u00ba S522099944\/0022-7711,,<\/p>\n\n\n<p><strong>RESOLVE:<\/strong><\/p>\n\n\n<p>AAppoosseennttaarr ppoorr IInnvvaalliiddeezz ppeerrmmaanneennttee,, ccoomm pprroovveennttooss pprrooppoorrccii\u00eaonnaaiiss aa5o tempo ddee contriibbouuii\u00e7\u00e7\u00e3o, nnooss ltermos ddaa Emenda Constitucional nn\u00ba\u00ba 20\/98, aa servidora MARICLEIDE FERNANDES &#8212; 1931970, lotada no Restgauurraanntye Universit\u00e1rio da Pre\u00f3-Reitoria de Recursos Humanos ee A\u00c1ssuntos EEssttuuddaannttiiss,, ocupante ddoo ccaarrggoo ddee AAuuxxiilliiaarr ddee NNuuttrrii\u00e7\u00e7\u00e3\u00e3oo,, nn\u00edfvveell AAuuxsiilliiaarr,, ccllaassssee S5,, ppaaddrr\u00e3\u00e3oo 11,, nnoo rreeggiimmee ddee 4400 ((qquuaarreennttaa)) hhoorraass sseemmaannaaiiss,, nmuaaiiss aa VVaannttaaggeemm PPeeecuunnii\u00e1\u00e1rriiaa IInnddiivviidduuaall,, iinnsstti\u00edtuu\u00ed\u00edddaa ppeellaa LLeeii nn\u00ba\u00ba 1I0.669988\/\/03 ddee 0DI7.0077..2200003, DOU ddee 03.097.03, cvalculada na mesma propor\u00e7\u00e3o, mais a Gratuilfiiccaa\u00e7\u00e3o Adicional por TTempo de Servi\u00e7o,. prevista no AArnn,l, 67 ddaa \u00c9Leei in\u00ba 88. 111122\/90, nnoo \u00edndnicde iddcee e0033 (tr\u00eats prpoorr \u00eacceesnnttoo )),, calcso\u00f3bure loo avendcimaent o tPb\u00e1\u00e1ssiicco, mThaai\u00edss ov percendte u33a,,11l77 incoccroonnffpoorrmeo Srentaen\u00e7ad Juodic ial proferideam A\u00e7\u00e3o Ordin\u00e1ria nn\u00ba\u00ba 99.00,.04049-1 ddaa 55*\u00ba\u00ba YVara CCrivviill Federal ddeesta CCaappiital.<\/p><p> \u00e3 Pullicodo no Disto Of\u00edcial da tUni\u00e3 publicadFoo Diiio ORESTES Unidoo \u00aa dDOae G\/D0E8S\/O023D, Itoor iTLoEE , qpam O1 0 Mlspon AKacHhe l mnuecp<\/p><p><\/p>\n\n\n<div style=\"height:15px\" aria-hidden=\"true\" class=\"wp-block-spacer\"><\/div>\n\n\n<div class=\"wp-block-buttons is-content-justification-right is-layout-flex wp-container-core-buttons-is-layout-1 wp-block-buttons-is-layout-flex\">\n<div class=\"wp-block-button has-custom-font-size is-style-outline has-small-font-size is-style-outline--1\"><a class=\"wp-block-button__link\" href=\"https:\/\/progepe.ufpr.br\/portarias\/wp-content\/uploads\/pcp\/PRHAE\/2003\/3096PR.pdf\" style=\"border-radius:0px\" target=\"_blank\" rel=\"noreferrer noopener\">Acesse o arquivo da portaria<\/a><\/div><\/div>\n","protected":false},"excerpt":{"rendered":"<p>AAppoosseennttaarr ppoorr IInnvvaalliiddeezz ppeerrmmaanneennttee,, ccoomm pprroovveennttooss pprrooppoorrccii\u00eaonnaaiiss aa5o tempo ddee contriibbouuii\u00e7\u00e7\u00e3o, nnooss ltermos ddaa Emenda Constitucional nn\u00ba\u00ba 20\/98, aa servidora MARICLEIDE FERNANDES &#8212; 1931970, lotada no Restgauurraanntye Universit\u00e1rio da Pre\u00f3-Reitoria de Recursos Humanos ee A\u00c1ssuntos EEssttuuddaannttiiss,, ocupante ddoo ccaarrggoo ddee AAuuxxiilliiaarr ddee NNuuttrrii\u00e7\u00e7\u00e3\u00e3oo,, nn\u00edfvveell AAuuxsiilliiaarr,, ccllaassssee S5,, ppaaddrr\u00e3\u00e3oo 11,, nnoo rreeggiimmee ddee 4400 ((qquuaarreennttaa)) hhoorraass sseemmaannaaiiss,, nmuaaiiss aa VVaannttaaggeemm PPeeecuunnii\u00e1\u00e1rriiaa IInnddiivviidduuaall,, iinnsstti\u00edtuu\u00ed\u00edddaa ppeellaa LLeeii nn\u00ba\u00ba 1I0.669988\/\/03 ddee 0DI7.0077..2200003, DOU ddee 03.097.03, cvalculada na mesma propor\u00e7\u00e3o, mais a Gratuilfiiccaa\u00e7\u00e3o Adicional por TTempo de Servi\u00e7o,. prevista no AArnn,l, 67 ddaa \u00c9Leei in\u00ba 88. 111122\/90, nnoo \u00edndnicde iddcee e0033 (tr\u00eats prpoorr<\/p>\n","protected":false},"author":41,"featured_media":0,"comment_status":"closed","ping_status":"closed","sticky":false,"template":"wp-custom-template-emissao-entre-01-05-2004-ate-30-06-2017","format":"standard","meta":{"_acf_changed":false,"iawp_total_views":2,"footnotes":""},"categories":[232],"tags":[],"class_list":["post-242431","post","type-post","status-publish","format-standard","hentry","category-prhae"],"acf":[],"_links":{"self":[{"href":"https:\/\/progepe.ufpr.br\/portarias\/wp-json\/wp\/v2\/posts\/242431","targetHints":{"allow":["GET"]}}],"collection":[{"href":"https:\/\/progepe.ufpr.br\/portarias\/wp-json\/wp\/v2\/posts"}],"about":[{"href":"https:\/\/progepe.ufpr.br\/portarias\/wp-json\/wp\/v2\/types\/post"}],"author":[{"embeddable":true,"href":"https:\/\/progepe.ufpr.br\/portarias\/wp-json\/wp\/v2\/users\/41"}],"replies":[{"embeddable":true,"href":"https:\/\/progepe.ufpr.br\/portarias\/wp-json\/wp\/v2\/comments?post=242431"}],"version-history":[{"count":1,"href":"https:\/\/progepe.ufpr.br\/portarias\/wp-json\/wp\/v2\/posts\/242431\/revisions"}],"predecessor-version":[{"id":245107,"href":"https:\/\/progepe.ufpr.br\/portarias\/wp-json\/wp\/v2\/posts\/242431\/revisions\/245107"}],"wp:attachment":[{"href":"https:\/\/progepe.ufpr.br\/portarias\/wp-json\/wp\/v2\/media?parent=242431"}],"wp:term":[{"taxonomy":"category","embeddable":true,"href":"https:\/\/progepe.ufpr.br\/portarias\/wp-json\/wp\/v2\/categories?post=242431"},{"taxonomy":"post_tag","embeddable":true,"href":"https:\/\/progepe.ufpr.br\/portarias\/wp-json\/wp\/v2\/tags?post=242431"}],"curies":[{"name":"wp","href":"https:\/\/api.w.org\/{rel}","templated":true}]}}