{"id":242448,"date":"2003-08-07T10:08:00","date_gmt":"2003-08-07T13:08:00","guid":{"rendered":"http:\/\/progepe.ufpr.br\/portarias\/prhae-2003-03114\/"},"modified":"2023-09-05T09:33:18","modified_gmt":"2023-09-05T12:33:18","slug":"prhae-2003-03114","status":"publish","type":"post","link":"https:\/\/progepe.ufpr.br\/portarias\/prhae-2003-03114\/","title":{"rendered":"PORTARIA N\u00ba 03114\/PRHAE, DE 07 DE AGOSTO DE 2003"},"content":{"rendered":"\n<p>O Pr\u00f3-Reitor de KRecoursos Ilhummaannos e\u00e9 Assuntos Estudantis daa UUnniivveerrssiiddaaddee Federal do PPaarraann\u00e1, ddoo uusso de sSuuaass atrtibrui\u00e7b\u00f5eus,i \u00e7tte\u00f5enndedoos ,eemm vviissttae qa comopmetp\u00eaneciqqtauuee \u00ealfhhene \u00e9c\u00e9 ccoionnffeaerriid daa pela Portaria n\u00ba 23.5090, de 26 de setembro de 19597, considerando o+ que consta nas Leis n0\u00ba 8,74554\/9903 \u00c9e 4u .R84499\/990 c\u00ab de acordo com as Resolu\u00e7\u00f5es nn\u00ba\u00ba 7T2H\/9911&#8211;CCEEP, 31\/959-CEP \u00e9e 26\/506-CEPE\u00c9, \u00e9\u00e9 aallnoddaa o\u00e9 ccoonnttiiddoo nnoo pprroocceessssoo n11\u00ba\u00ba 23142798\/03-432,<\/p>\n\n\n<p><strong>RESOLVE:<\/strong><\/p>\n\n\n<p>11, Contratar \u00c1TILA FERNANDO VISINONI, como Professor SSuubbssttiittuottoo,, com ssaall\u00e1\u00e1rriioo cormreessppoonndente \u00e0\u00e0 cclkaissssee ddee PPrrooffeessssoorr AAssssiisstteennttee,, nn\u00edivveell L[,, nnoo freeggiimmee ddee ttrmuhbaallhhoo ddee 2200 (tvviinnttee)) hhoorraass semanaisis,, para roo aDe partamento o ddee Patoalogtia oBB\u00e1\u00e1lssiiccaoa ddgoo iSSeettoaorr ddee Ci\u00eancias Bipokli\u00f3gicas, aa partir ddaa assisnaitnuraadot cuontrraato , pelo peerr\u00edo\u00eddo dode 1206 (ceeenmtot oe c vinnttue qdliiaass))., na vvaaggaa ddeeccoorsrrente ddaa aposentadoria de V\u00e2nia Apar\u00e1rreida Vicente., I1E1. Concnedcer e\u00e0do aecr\u00e9s cimo salsaarilalr,m aldd,ee acordodo cuomm oo aamritiggoo 11\u00ba\u00ba,, $$ 11\u00ba\u00ba,, aall\u00ed\u00ednneeaa aa ddaa LLeeii n0\u00ba\u00ba 88..72443X\/9911,, ttenedo neemdm voviisst taa possuir oo tt\u00ed\u00edtutluo ldodee MMeessttrree,, P o \u00ba Di\u00e1rio Ofidio! da U o | \/F\u2014 | publizado ne Bl\u00e1rio Oficial da io ET j ddee l&#038;\/OOLE\/\/ \u20ac8RA,, issuuoaddE o pes lfa Vilson RKachell \u2014 =T= mep<\/p><p><\/p>\n\n\n<div style=\"height:15px\" aria-hidden=\"true\" class=\"wp-block-spacer\"><\/div>\n\n\n<div class=\"wp-block-buttons is-content-justification-right is-layout-flex wp-container-core-buttons-is-layout-1 wp-block-buttons-is-layout-flex\">\n<div class=\"wp-block-button has-custom-font-size is-style-outline has-small-font-size is-style-outline--1\"><a class=\"wp-block-button__link\" href=\"https:\/\/progepe.ufpr.br\/portarias\/wp-content\/uploads\/pcp\/PRHAE\/2003\/3114PR.pdf\" style=\"border-radius:0px\" target=\"_blank\" rel=\"noreferrer noopener\">Acesse o arquivo da portaria<\/a><\/div><\/div>\n","protected":false},"excerpt":{"rendered":"<p>11, Contratar \u00c1TILA FERNANDO VISINONI, como Professor SSuubbssttiittuottoo,, com ssaall\u00e1\u00e1rriioo cormreessppoonndente \u00e0\u00e0 cclkaissssee ddee PPrrooffeessssoorr AAssssiisstteennttee,, nn\u00edivveell L[,, nnoo freeggiimmee ddee ttrmuhbaallhhoo ddee 2200 (tvviinnttee)) hhoorraass semanaisis,, para roo aDe partamento o ddee Patoalogtia oBB\u00e1\u00e1lssiiccaoa ddgoo iSSeettoaorr ddee Ci\u00eancias Bipokli\u00f3gicas, aa partir ddaa assisnaitnuraadot cuontrraato , pelo peerr\u00edo\u00eddo dode 1206 (ceeenmtot oe c vinnttue qdliiaass))., na vvaaggaa ddeeccoorsrrente ddaa aposentadoria de V\u00e2nia Apar\u00e1rreida Vicente., I1E1. Concnedcer e\u00e0do aecr\u00e9s cimo salsaarilalr,m aldd,ee acordodo cuomm oo aamritiggoo 11\u00ba\u00ba,, $$ 11\u00ba\u00ba,, aall\u00ed\u00ednneeaa aa ddaa LLeeii n0\u00ba\u00ba 88..72443X\/9911,, ttenedo neemdm voviisst taa possuir oo tt\u00ed\u00edtutluo ldodee MMeessttrree,, P o \u00ba Di\u00e1rio Ofidio!<\/p>\n","protected":false},"author":41,"featured_media":0,"comment_status":"closed","ping_status":"closed","sticky":false,"template":"wp-custom-template-emissao-entre-01-05-2004-ate-30-06-2017","format":"standard","meta":{"_acf_changed":false,"iawp_total_views":0,"footnotes":""},"categories":[232],"tags":[],"class_list":["post-242448","post","type-post","status-publish","format-standard","hentry","category-prhae"],"acf":[],"_links":{"self":[{"href":"https:\/\/progepe.ufpr.br\/portarias\/wp-json\/wp\/v2\/posts\/242448","targetHints":{"allow":["GET"]}}],"collection":[{"href":"https:\/\/progepe.ufpr.br\/portarias\/wp-json\/wp\/v2\/posts"}],"about":[{"href":"https:\/\/progepe.ufpr.br\/portarias\/wp-json\/wp\/v2\/types\/post"}],"author":[{"embeddable":true,"href":"https:\/\/progepe.ufpr.br\/portarias\/wp-json\/wp\/v2\/users\/41"}],"replies":[{"embeddable":true,"href":"https:\/\/progepe.ufpr.br\/portarias\/wp-json\/wp\/v2\/comments?post=242448"}],"version-history":[{"count":1,"href":"https:\/\/progepe.ufpr.br\/portarias\/wp-json\/wp\/v2\/posts\/242448\/revisions"}],"predecessor-version":[{"id":245122,"href":"https:\/\/progepe.ufpr.br\/portarias\/wp-json\/wp\/v2\/posts\/242448\/revisions\/245122"}],"wp:attachment":[{"href":"https:\/\/progepe.ufpr.br\/portarias\/wp-json\/wp\/v2\/media?parent=242448"}],"wp:term":[{"taxonomy":"category","embeddable":true,"href":"https:\/\/progepe.ufpr.br\/portarias\/wp-json\/wp\/v2\/categories?post=242448"},{"taxonomy":"post_tag","embeddable":true,"href":"https:\/\/progepe.ufpr.br\/portarias\/wp-json\/wp\/v2\/tags?post=242448"}],"curies":[{"name":"wp","href":"https:\/\/api.w.org\/{rel}","templated":true}]}}