{"id":242570,"date":"2003-08-25T10:41:00","date_gmt":"2003-08-25T13:41:00","guid":{"rendered":"http:\/\/progepe.ufpr.br\/portarias\/prhae-2003-03256\/"},"modified":"2024-03-25T11:49:10","modified_gmt":"2024-03-25T14:49:10","slug":"prhae-2003-03256","status":"publish","type":"post","link":"https:\/\/progepe.ufpr.br\/portarias\/prhae-2003-03256\/","title":{"rendered":"PORTARIA N\u00ba 03256\/PRHAE, DE 25 DE AGOSTO DE 2003"},"content":{"rendered":"\n<p style=\"padding-left:43%\">O Pr\u00f3-Reitor de Recursos Humanos e Assuntos Estudantis da Universidade Federal do Paran\u00e1, no uso de suas atribui\u00e7\u00f5es, tendo em vista a compet\u00eancia que lhe \u00e9 conferida pela Portaria n\u00ba 2.590, de 26 de setembro de 1997, e considerando o que consta no processo n\u00ba 32223\/02-58,<\/p>\n\n\n\n<p style=\"padding-left:43%\"><strong>RESOLVE:<\/strong><\/p>\n\n\n\n<p>Retificar a <a href=\"https:\/\/progepe.ufpr.br\/portarias\/prhae-2002-00662\/\" data-type=\"post\" data-id=\"247965\">Portaria n\u00ba 662\/PRHAE, de 24 de agosto de 2002<\/a>, publicada no DOU de 27.08.2002, se\u00e7\u00e3o II, p\u00e1g. 10, que nomeou em car\u00e1ter efetivo, BASILIO STREISKY FILHO:<\/p>\n\n\n\n<p style=\"padding-left:var(--wp--preset--spacing--30)\">Onde se l\u00ea: &#8230; na vaga de c\u00f3digo n\u00ba 717004.<br>Leia-se: &#8230; na vaga de c\u00f3digo n\u00ba 716038.<\/p>\n","protected":false},"excerpt":{"rendered":"<p>Retificar a <a href=\"https:\/\/progepe.ufpr.br\/portarias\/prhae-2002-00662\/\" data-type=\"post\" data-id=\"247965\">Portaria n\u00ba 662\/PRHAE, de 24 de agosto de 2002<\/a>, publicada no DOU de 27.08.2002, se\u00e7\u00e3o II, p\u00e1g. 10, que nomeou em car\u00e1ter efetivo, BASILIO STREISKY FILHO:  <!-- wp:paragraph {\"style\":{\"spacing\":{\"padding\":{\"left\":\"var:preset|spacing|30\"}}}} \n\n<p style=\"padding-left:var(--wp--preset--spacing--30)\">Onde se l\u00ea: ... na vaga de c\u00f3digo n\u00ba 717004.<br \/>Leia-se: ... na vaga de c\u00f3digo n\u00ba 716038.\n<\/p>\n","protected":false},"author":41,"featured_media":0,"comment_status":"closed","ping_status":"closed","sticky":false,"template":"","format":"standard","meta":{"_acf_changed":false,"iawp_total_views":0,"footnotes":""},"categories":[232],"tags":[121],"class_list":["post-242570","post","type-post","status-publish","format-standard","hentry","category-prhae","tag-nomeacao"],"acf":[],"_links":{"self":[{"href":"https:\/\/progepe.ufpr.br\/portarias\/wp-json\/wp\/v2\/posts\/242570","targetHints":{"allow":["GET"]}}],"collection":[{"href":"https:\/\/progepe.ufpr.br\/portarias\/wp-json\/wp\/v2\/posts"}],"about":[{"href":"https:\/\/progepe.ufpr.br\/portarias\/wp-json\/wp\/v2\/types\/post"}],"author":[{"embeddable":true,"href":"https:\/\/progepe.ufpr.br\/portarias\/wp-json\/wp\/v2\/users\/41"}],"replies":[{"embeddable":true,"href":"https:\/\/progepe.ufpr.br\/portarias\/wp-json\/wp\/v2\/comments?post=242570"}],"version-history":[{"count":5,"href":"https:\/\/progepe.ufpr.br\/portarias\/wp-json\/wp\/v2\/posts\/242570\/revisions"}],"predecessor-version":[{"id":255382,"href":"https:\/\/progepe.ufpr.br\/portarias\/wp-json\/wp\/v2\/posts\/242570\/revisions\/255382"}],"wp:attachment":[{"href":"https:\/\/progepe.ufpr.br\/portarias\/wp-json\/wp\/v2\/media?parent=242570"}],"wp:term":[{"taxonomy":"category","embeddable":true,"href":"https:\/\/progepe.ufpr.br\/portarias\/wp-json\/wp\/v2\/categories?post=242570"},{"taxonomy":"post_tag","embeddable":true,"href":"https:\/\/progepe.ufpr.br\/portarias\/wp-json\/wp\/v2\/tags?post=242570"}],"curies":[{"name":"wp","href":"https:\/\/api.w.org\/{rel}","templated":true}]}}