{"id":242572,"date":"2003-08-25T10:43:00","date_gmt":"2003-08-25T13:43:00","guid":{"rendered":"http:\/\/progepe.ufpr.br\/portarias\/prhae-2003-03258\/"},"modified":"2024-03-25T12:02:52","modified_gmt":"2024-03-25T15:02:52","slug":"prhae-2003-03258","status":"publish","type":"post","link":"https:\/\/progepe.ufpr.br\/portarias\/prhae-2003-03258\/","title":{"rendered":"PORTARIA N\u00ba 03258\/PRHAE, DE 25 DE AGOSTO DE 2003"},"content":{"rendered":"\n<p style=\"padding-left:43%\">O Pr\u00f3-Reitor de Recursos Humanos e Assuntos Estudantis da Universidade Federal do Paran\u00e1, no uso de suas atribui\u00e7\u00f5es, tendo em vista a compet\u00eancia que lhe \u00e9 conferida pela Portaria n\u00ba 2.590, de 26 de setembro de 1997, e considerando o que consta no processo n\u00ba 38891\/02-06,<\/p>\n\n\n\n<p style=\"padding-left:43%\"><strong>RESOLVE:<\/strong><\/p>\n\n\n\n<p>Retificar a <a href=\"https:\/\/progepe.ufpr.br\/portarias\/prhae-2002-00956\/\" data-type=\"post\" data-id=\"248259\">Portaria n\u00ba 956\/PRHAE, de 27 de setembro de 2002<\/a>, publicada no DOU de 01.10.2002, se\u00e7\u00e3o II, p\u00e1g. 09, que nomeou em car\u00e1ter efetivo, ANDREA PEREIRA DOS SANTOS:<\/p>\n\n\n\n<p style=\"padding-left:var(--wp--preset--spacing--30)\">Onde se l\u00ea: &#8230; na vaga de c\u00f3digo n\u00ba 290762.<br>Leia-se: &#8230; na vaga de c\u00f3digo n\u00ba 642218.<\/p>\n","protected":false},"excerpt":{"rendered":"<p>Retificar a <a href=\"https:\/\/progepe.ufpr.br\/portarias\/prhae-2002-00956\/\" data-type=\"post\" data-id=\"248259\">Portaria n\u00ba 956\/PRHAE, de 27 de setembro de 2002<\/a>, publicada no DOU de 01.10.2002, se\u00e7\u00e3o II, p\u00e1g. 09, que nomeou em car\u00e1ter efetivo, ANDREA PEREIRA DOS SANTOS:  <!-- wp:paragraph {\"style\":{\"spacing\":{\"padding\":{\"left\":\"var:preset|spacing|30\"}}}} \n\n<p style=\"padding-left:var(--wp--preset--spacing--30)\">Onde se l\u00ea: ... na vaga de c\u00f3digo n\u00ba 290762.<br \/>Leia-se: ... na vaga de c\u00f3digo n\u00ba 642218.\n<\/p>\n","protected":false},"author":41,"featured_media":0,"comment_status":"closed","ping_status":"closed","sticky":false,"template":"","format":"standard","meta":{"_acf_changed":false,"iawp_total_views":1,"footnotes":""},"categories":[232],"tags":[121],"class_list":["post-242572","post","type-post","status-publish","format-standard","hentry","category-prhae","tag-nomeacao"],"acf":[],"_links":{"self":[{"href":"https:\/\/progepe.ufpr.br\/portarias\/wp-json\/wp\/v2\/posts\/242572","targetHints":{"allow":["GET"]}}],"collection":[{"href":"https:\/\/progepe.ufpr.br\/portarias\/wp-json\/wp\/v2\/posts"}],"about":[{"href":"https:\/\/progepe.ufpr.br\/portarias\/wp-json\/wp\/v2\/types\/post"}],"author":[{"embeddable":true,"href":"https:\/\/progepe.ufpr.br\/portarias\/wp-json\/wp\/v2\/users\/41"}],"replies":[{"embeddable":true,"href":"https:\/\/progepe.ufpr.br\/portarias\/wp-json\/wp\/v2\/comments?post=242572"}],"version-history":[{"count":3,"href":"https:\/\/progepe.ufpr.br\/portarias\/wp-json\/wp\/v2\/posts\/242572\/revisions"}],"predecessor-version":[{"id":255389,"href":"https:\/\/progepe.ufpr.br\/portarias\/wp-json\/wp\/v2\/posts\/242572\/revisions\/255389"}],"wp:attachment":[{"href":"https:\/\/progepe.ufpr.br\/portarias\/wp-json\/wp\/v2\/media?parent=242572"}],"wp:term":[{"taxonomy":"category","embeddable":true,"href":"https:\/\/progepe.ufpr.br\/portarias\/wp-json\/wp\/v2\/categories?post=242572"},{"taxonomy":"post_tag","embeddable":true,"href":"https:\/\/progepe.ufpr.br\/portarias\/wp-json\/wp\/v2\/tags?post=242572"}],"curies":[{"name":"wp","href":"https:\/\/api.w.org\/{rel}","templated":true}]}}