{"id":242573,"date":"2003-08-25T10:44:00","date_gmt":"2003-08-25T13:44:00","guid":{"rendered":"http:\/\/progepe.ufpr.br\/portarias\/prhae-2003-03259\/"},"modified":"2023-09-05T09:33:24","modified_gmt":"2023-09-05T12:33:24","slug":"prhae-2003-03259","status":"publish","type":"post","link":"https:\/\/progepe.ufpr.br\/portarias\/prhae-2003-03259\/","title":{"rendered":"PORTARIA N\u00ba 03259\/PRHAE, DE 25 DE AGOSTO DE 2003"},"content":{"rendered":"\n<p>O Pr\u00f3-Reitor ddee RReeccuurrssooss Humuaennooss ee Assuunnttooss EEssttunddantis da UUnniivveerrssiiddade Fedeerraall ddoo PParuand\u00e1\u00e1.. no uussoo ddee suoaass aattribui\u00e7\u00f5es, tieondo ecmm vista aa ccoommpetit\u00ea\u00eanncciiaa qque lhe \u00e9\u00e9 cconferida pela Portaria n\u00ba 22..559900,, ddee 2266 ddee sseetteemmbbrroo ddee 11999977,, e\u00e9 ccoonnstiiddeerraannddoo oo qquuee cGuoa\u00f3sottaa 0n0o procnn\u00ba\u00ba e4A00s002222s\/1002o2-5511 ,,<\/p>\n\n\n<p><strong>RESOLVE:<\/strong><\/p>\n\n\n<p>RReettiiffiiccaarr \u00e0\u00e0 PPoorrttaarriiaa nn\u00ba\u00ba 954\/PRHAE, ddee 2277 ddee sseetteemmbbrroo ddee 22000022,, publicada no DOU de 0O1.100..2260002, se\u00e7\u00e3o IUT,, p\u00e1g.. 0099,, que nomeou em car\u00e1gtier efetivo, SILMAR DE F\u00c1TIMA ARNOLD: .<\/p><p> Ondssee I EE:; &#8230;&#8230; mnaa vvaagzaa ddee cc\u00f3d\u00f3igod inn\u00ba\u00ba g66442o22211 88 &#8230;.. .<\/p><p> Leia-se! &#8230;. mNaA vvaaggaa ddee cc\u00f3d\u00f3igod nni\u00ba\u00ba g2N9I0oT76 2. &#8230;. .<\/p><p><\/p>\n\n\n<div style=\"height:15px\" aria-hidden=\"true\" class=\"wp-block-spacer\"><\/div>\n\n\n<div class=\"wp-block-buttons is-content-justification-right is-layout-flex wp-container-core-buttons-is-layout-1 wp-block-buttons-is-layout-flex\">\n<div class=\"wp-block-button has-custom-font-size is-style-outline has-small-font-size is-style-outline--1\"><a class=\"wp-block-button__link\" href=\"https:\/\/progepe.ufpr.br\/portarias\/wp-content\/uploads\/pcp\/PRHAE\/2003\/3259PR.pdf\" style=\"border-radius:0px\" target=\"_blank\" rel=\"noreferrer noopener\">Acesse o arquivo da portaria<\/a><\/div><\/div>\n","protected":false},"excerpt":{"rendered":"<p>RReettiiffiiccaarr \u00e0\u00e0 PPoorrttaarriiaa nn\u00ba\u00ba 954\/PRHAE, ddee 2277 ddee sseetteemmbbrroo ddee 22000022,, publicada no DOU de 0O1.100..2260002, se\u00e7\u00e3o IUT,, p\u00e1g.. 0099,, que nomeou em car\u00e1gtier efetivo, SILMAR DE F\u00c1TIMA ARNOLD: . Ondssee I EE:; &#8230;&#8230; mnaa vvaagzaa ddee cc\u00f3d\u00f3igod inn\u00ba\u00ba g66442o22211 88 &#8230;.. . Leia-se! &#8230;. mNaA vvaaggaa ddee cc\u00f3d\u00f3igod nni\u00ba\u00ba g2N9I0oT76 2. &#8230;. .  {&#8220;height&#8221;:&#8221;15px&#8221;} <\/p>\n<div style=\"height:15px\" aria-hidden=\"true\" class=\"wp-block-spacer\"> <!-- \/wp:spacer  {\"layout\":{\"type\":\"flex\",\"justifyContent\":\"right\"}} \n\n<div class=\"wp-block-buttons\"><!-- wp:button {\"style\":{\"border\":{\"radius\":\"0px\"}},\"className\":\"is-style-outline\",\"fontSize\":\"small\"} \n\n<div class=\"wp-block-button has-custom-font-size is-style-outline has-small-font-size\"><a class=\"wp-block-button__link\" href=\"https:\/\/progepe.ufpr.br\/portarias\/wp-content\/uploads\/pcp\/PRHAE\/2003\/3259PR.pdf\" style=\"border-radius:0px\" target=\"_blank\" rel=\"noreferrer noopener\">Acesse o arquivo da portaria<\/a><!-- \/wp:button <!-- \/wp:\n<\/p>\n","protected":false},"author":41,"featured_media":0,"comment_status":"closed","ping_status":"closed","sticky":false,"template":"wp-custom-template-emissao-entre-01-05-2004-ate-30-06-2017","format":"standard","meta":{"_acf_changed":false,"iawp_total_views":0,"footnotes":""},"categories":[232],"tags":[],"class_list":["post-242573","post","type-post","status-publish","format-standard","hentry","category-prhae"],"acf":[],"_links":{"self":[{"href":"https:\/\/progepe.ufpr.br\/portarias\/wp-json\/wp\/v2\/posts\/242573","targetHints":{"allow":["GET"]}}],"collection":[{"href":"https:\/\/progepe.ufpr.br\/portarias\/wp-json\/wp\/v2\/posts"}],"about":[{"href":"https:\/\/progepe.ufpr.br\/portarias\/wp-json\/wp\/v2\/types\/post"}],"author":[{"embeddable":true,"href":"https:\/\/progepe.ufpr.br\/portarias\/wp-json\/wp\/v2\/users\/41"}],"replies":[{"embeddable":true,"href":"https:\/\/progepe.ufpr.br\/portarias\/wp-json\/wp\/v2\/comments?post=242573"}],"version-history":[{"count":1,"href":"https:\/\/progepe.ufpr.br\/portarias\/wp-json\/wp\/v2\/posts\/242573\/revisions"}],"predecessor-version":[{"id":245258,"href":"https:\/\/progepe.ufpr.br\/portarias\/wp-json\/wp\/v2\/posts\/242573\/revisions\/245258"}],"wp:attachment":[{"href":"https:\/\/progepe.ufpr.br\/portarias\/wp-json\/wp\/v2\/media?parent=242573"}],"wp:term":[{"taxonomy":"category","embeddable":true,"href":"https:\/\/progepe.ufpr.br\/portarias\/wp-json\/wp\/v2\/categories?post=242573"},{"taxonomy":"post_tag","embeddable":true,"href":"https:\/\/progepe.ufpr.br\/portarias\/wp-json\/wp\/v2\/tags?post=242573"}],"curies":[{"name":"wp","href":"https:\/\/api.w.org\/{rel}","templated":true}]}}