{"id":242576,"date":"2003-08-25T10:47:00","date_gmt":"2003-08-25T13:47:00","guid":{"rendered":"http:\/\/progepe.ufpr.br\/portarias\/prhae-2003-03262\/"},"modified":"2023-09-05T09:33:24","modified_gmt":"2023-09-05T12:33:24","slug":"prhae-2003-03262","status":"publish","type":"post","link":"https:\/\/progepe.ufpr.br\/portarias\/prhae-2003-03262\/","title":{"rendered":"PORTARIA N\u00ba 03262\/PRHAE, DE 25 DE AGOSTO DE 2003"},"content":{"rendered":"\n<p>O Pr\u00f3-Reitor ddee RReeccuurrssooss Humaunos ee \u00c1Assssuunnttooss Estudantis da Universidade Federal do FParan\u00e1d, no uvso de Sautas atribui\u00e7\u00f5es,. tendo em visila \u00e0 \u00e0 compet\u00eancia que lhe \u00e9\u00e9 conferida ppela Porotarita an0\u00bar 2i2.,55a9900 ,, ddee 2266 ddee soetembroddee 11999977 ee considerando oo qquuee ccoonmssttaa nnoo pprroocceessssoo nn\u00ba\u00ba 4411440044\/\/0000&#8211;2211,,<\/p>\n\n\n<p><strong>RESOLVE:<\/strong><\/p>\n\n\n<p>DDeeccllaarraarr aabbeerrttaa uumma\u00e1 vvaaggaa ddee EEnnffearrmmeeiirroo,, eemm wvviirrttuuddee ddoo ffaalleecciimmeennttoo ddee CLARICE ALVES DE ARAUJO &#8211; 150991, ooccoormrido eemm 2266 ddee ocuuttuubro de 2002.<\/p><p><\/p>\n\n\n<div style=\"height:15px\" aria-hidden=\"true\" class=\"wp-block-spacer\"><\/div>\n\n\n<div class=\"wp-block-buttons is-content-justification-right is-layout-flex wp-container-core-buttons-is-layout-1 wp-block-buttons-is-layout-flex\">\n<div class=\"wp-block-button has-custom-font-size is-style-outline has-small-font-size is-style-outline--1\"><a class=\"wp-block-button__link\" href=\"https:\/\/progepe.ufpr.br\/portarias\/wp-content\/uploads\/pcp\/PRHAE\/2003\/3262PR.pdf\" style=\"border-radius:0px\" target=\"_blank\" rel=\"noreferrer noopener\">Acesse o arquivo da portaria<\/a><\/div><\/div>\n","protected":false},"excerpt":{"rendered":"<p>DDeeccllaarraarr aabbeerrttaa uumma\u00e1 vvaaggaa ddee EEnnffearrmmeeiirroo,, eemm wvviirrttuuddee ddoo ffaalleecciimmeennttoo ddee CLARICE ALVES DE ARAUJO &#8211; 150991, ooccoormrido eemm 2266 ddee ocuuttuubro de 2002.  {&#8220;height&#8221;:&#8221;15px&#8221;} <\/p>\n<div style=\"height:15px\" aria-hidden=\"true\" class=\"wp-block-spacer\"> <!-- \/wp:spacer  {\"layout\":{\"type\":\"flex\",\"justifyContent\":\"right\"}} \n\n<div class=\"wp-block-buttons\"><!-- wp:button {\"style\":{\"border\":{\"radius\":\"0px\"}},\"className\":\"is-style-outline\",\"fontSize\":\"small\"} \n\n<div class=\"wp-block-button has-custom-font-size is-style-outline has-small-font-size\"><a class=\"wp-block-button__link\" href=\"https:\/\/progepe.ufpr.br\/portarias\/wp-content\/uploads\/pcp\/PRHAE\/2003\/3262PR.pdf\" style=\"border-radius:0px\" target=\"_blank\" rel=\"noreferrer noopener\">Acesse o arquivo da portaria<\/a><!-- \/wp:button <!-- \/wp:buttons\n<\/p>\n","protected":false},"author":41,"featured_media":0,"comment_status":"closed","ping_status":"closed","sticky":false,"template":"wp-custom-template-emissao-entre-01-05-2004-ate-30-06-2017","format":"standard","meta":{"_acf_changed":false,"iawp_total_views":0,"footnotes":""},"categories":[232],"tags":[],"class_list":["post-242576","post","type-post","status-publish","format-standard","hentry","category-prhae"],"acf":[],"_links":{"self":[{"href":"https:\/\/progepe.ufpr.br\/portarias\/wp-json\/wp\/v2\/posts\/242576","targetHints":{"allow":["GET"]}}],"collection":[{"href":"https:\/\/progepe.ufpr.br\/portarias\/wp-json\/wp\/v2\/posts"}],"about":[{"href":"https:\/\/progepe.ufpr.br\/portarias\/wp-json\/wp\/v2\/types\/post"}],"author":[{"embeddable":true,"href":"https:\/\/progepe.ufpr.br\/portarias\/wp-json\/wp\/v2\/users\/41"}],"replies":[{"embeddable":true,"href":"https:\/\/progepe.ufpr.br\/portarias\/wp-json\/wp\/v2\/comments?post=242576"}],"version-history":[{"count":1,"href":"https:\/\/progepe.ufpr.br\/portarias\/wp-json\/wp\/v2\/posts\/242576\/revisions"}],"predecessor-version":[{"id":245261,"href":"https:\/\/progepe.ufpr.br\/portarias\/wp-json\/wp\/v2\/posts\/242576\/revisions\/245261"}],"wp:attachment":[{"href":"https:\/\/progepe.ufpr.br\/portarias\/wp-json\/wp\/v2\/media?parent=242576"}],"wp:term":[{"taxonomy":"category","embeddable":true,"href":"https:\/\/progepe.ufpr.br\/portarias\/wp-json\/wp\/v2\/categories?post=242576"},{"taxonomy":"post_tag","embeddable":true,"href":"https:\/\/progepe.ufpr.br\/portarias\/wp-json\/wp\/v2\/tags?post=242576"}],"curies":[{"name":"wp","href":"https:\/\/api.w.org\/{rel}","templated":true}]}}