{"id":242578,"date":"2003-08-25T10:52:00","date_gmt":"2003-08-25T13:52:00","guid":{"rendered":"http:\/\/progepe.ufpr.br\/portarias\/prhae-2003-03267\/"},"modified":"2023-09-05T09:33:24","modified_gmt":"2023-09-05T12:33:24","slug":"prhae-2003-03267","status":"publish","type":"post","link":"https:\/\/progepe.ufpr.br\/portarias\/prhae-2003-03267\/","title":{"rendered":"PORTARIA N\u00ba 03267\/PRHAE, DE 25 DE AGOSTO DE 2003"},"content":{"rendered":"\n<p>O Pr\u00f3-Reitor ddee Recuorsos Humanos ee Assuontos Estudantis da Universidade Federal do Paraannd\u00e1\u00e1, nnoo uussoo ddee ssuuaass aamriibbuuii\u00e7\u00e7\u00f5\u00f5eess,, tteennddoo eemm vviissttaa aa commpepte\u00eatnc\u00eainac iqqauuee ilhhee \u20ac\u20ac ccuonnffeerriiddaa pe\u00e9la Parotarita ann\u00ba\u00bar 2i.5$a90 , dde 2256 de settereimbrbor odee 119997 ee cocoonnstiiddeerraandoeo que ccoonmsstdaa 1nxo\u00f3 procressoo cnn\u00ba\u00ba e22A8s66T7S3sA\/N0G0o-L1S5 ,<\/p>\n\n\n<p><strong>RESOLVE:<\/strong><\/p>\n\n\n<p>Conecseder AAppoosseennttaaddooria V Voolluunntt\u00e1\u00e1rria Integral por Tempo ddee CUontribui\u00e7\u00e3o ecm Magiast\u00e9rio, nn\u00f3oss tteerrmmooss ddoo AArrtt.. 88\u00ba\u00ba &#038;$ 44\u00ba ddaa Emenda Constitucional nn\u00ba\u00ba 2200\/\/9988,, KAZUKO SUZUKI &#8212; 6S886654400,, llootuaddaa nnoo DDeeppaarrttaammeennttoo ddee DDeessiiggnn ddoo SSeettoorr ddee CCii\u00ea\u00eanncciiaass HHuurmmaannaass,, LLeettrraass ee AArrtteess,, ooccuuppaannttee ddaa ccaatteeggoorriiaa ffuunnc\u00e7iioonnaa]ll ddee MMaaggilsstt\u00e1\u00e1rriioo SSuuppeerriioorr,, ccllaassssee dee PPrrooffeessssoorr AAddjjuunnttoo,, vn\u00edevlel 1[,, 11O0 6 rtreeggiimmee ddee 4460 ((qquuaarreennttaa)) bboornitss sseemme\u00eannaaiiss,, CcOoMm O0 vveennc\u00e7iimmeennttoo ddoo mencionado ccaarrpgoa,, mmaaiiss aa Ciriatrifaicat\u00e7\u00e3idodee fAAttiiivviciddaaaddee \u00e7iinn\u00e3ssttiiottuu\u00ed\u00ed ddaa ppeetlaa LLeeii Delegadann\u00ba \u00ba 113V9922,, cvaallctuullaaddaa ssoobbrree oo VVeenncicmeinmtoe nBB\u00e1\u00e1tssiioccoo ,, mmaaiiss a2 GGrraattiiffiiccaa\u00e7\u00e7\u00e3\u00e3oo AAddiicciioonnaall ppoorr Temepo mddee p SSeeorrvvii\u00e7\u00e7 oo,, preecvviinsDosO tA\u00c1arrtt ., 6677 ddaa 1. 4 06\u00ba\u00ba 8.1.12\/190,1 nno2o \u00fa\/\u00eanmddi\u00ed9ccse 0ddee , 2200  ((vivnmi s ppootc cceennttoo)),, Emains aa\u00e0 Vaintsage m Pecuni\u00e1ria IInnddiivviidduuaall,, iinnssttiittuu\u00ed\u00edddaa ppeellaa LLeeii n4\u00ba\u00ba 1066980034 ddee 02.07.,2003, DOU ddee 0(033..0077..0033,, mais v v ppeerrcceennttuoaall ddee 33,1177 iInconrpocrado ccroonnffpierrmmoee ScSeennttaeenn\u00e7\u00e7aad JJuouddiicci iaall propfrofeerirda ideaemm A\u00e7\u00e3\u00e3o o OrdiOrndm\u00e1\u00e1rriiaa nn\u00ba\u00ba 999,000.55007-70 daa 22\u00ba9 VVaarraa CCiivviilt FFeeddeerraall ddeessttaa CCaappiiltia)l,, mmaaiiss \u00e0&#038; GGrraattiiffiiccaa\u00e7\u00e7\u00e3\u00e3oo ddee EEsstt\u00ed\u00edmmuulloo \u00e0a DDeocc\u00ea\u00eanncciiaa iinnssttiittuu\u00ed\u00edddaa ppeellaa LLeeii nn\u00ba\u00ba 499,,667788\/\/9088,, PPuubblliizceaddso nn\u00ba\u00e1 DDii\u00e1\u00e1rriioo OOffiicciiaall ddaa UUnnii\u00e3\u00e3oo Sd3o \/OL8\/\/023 Sseo\u00e7\u00e3oE, pe \u00f3mD<\/p><p><\/p>\n\n\n<div style=\"height:15px\" aria-hidden=\"true\" class=\"wp-block-spacer\"><\/div>\n\n\n<div class=\"wp-block-buttons is-content-justification-right is-layout-flex wp-container-core-buttons-is-layout-1 wp-block-buttons-is-layout-flex\">\n<div class=\"wp-block-button has-custom-font-size is-style-outline has-small-font-size is-style-outline--1\"><a class=\"wp-block-button__link\" href=\"https:\/\/progepe.ufpr.br\/portarias\/wp-content\/uploads\/pcp\/PRHAE\/2003\/3267PR.pdf\" style=\"border-radius:0px\" target=\"_blank\" rel=\"noreferrer noopener\">Acesse o arquivo da portaria<\/a><\/div><\/div>\n","protected":false},"excerpt":{"rendered":"<p>Conecseder AAppoosseennttaaddooria V Voolluunntt\u00e1\u00e1rria Integral por Tempo ddee CUontribui\u00e7\u00e3o ecm Magiast\u00e9rio, nn\u00f3oss tteerrmmooss ddoo AArrtt.. 88\u00ba\u00ba &#038;$ 44\u00ba ddaa Emenda Constitucional nn\u00ba\u00ba 2200\/\/9988,, KAZUKO SUZUKI &#8212; 6S886654400,, llootuaddaa nnoo DDeeppaarrttaammeennttoo ddee DDeessiiggnn ddoo SSeettoorr ddee CCii\u00ea\u00eanncciiaass HHuurmmaannaass,, LLeettrraass ee AArrtteess,, ooccuuppaannttee ddaa ccaatteeggoorriiaa ffuunnc\u00e7iioonnaa]ll ddee MMaaggilsstt\u00e1\u00e1rriioo SSuuppeerriioorr,, ccllaassssee dee PPrrooffeessssoorr AAddjjuunnttoo,, vn\u00edevlel 1[,, 11O0 6 rtreeggiimmee ddee 4460 ((qquuaarreennttaa)) bboornitss sseemme\u00eannaaiiss,, CcOoMm O0 vveennc\u00e7iimmeennttoo ddoo mencionado ccaarrpgoa,, mmaaiiss aa Ciriatrifaicat\u00e7\u00e3idodee fAAttiiivviciddaaaddee \u00e7iinn\u00e3ssttiiottuu\u00ed\u00ed ddaa ppeetlaa LLeeii Delegadann\u00ba \u00ba 113V9922,, cvaallctuullaaddaa ssoobbrree oo VVeenncicmeinmtoe nBB\u00e1\u00e1tssiioccoo ,, mmaaiiss a2 GGrraattiiffiiccaa\u00e7\u00e7\u00e3\u00e3oo AAddiicciioonnaall ppoorr Temepo mddee p SSeeorrvvii\u00e7\u00e7 oo,, preecvviinsDosO<\/p>\n","protected":false},"author":41,"featured_media":0,"comment_status":"closed","ping_status":"closed","sticky":false,"template":"wp-custom-template-emissao-entre-01-05-2004-ate-30-06-2017","format":"standard","meta":{"_acf_changed":false,"iawp_total_views":0,"footnotes":""},"categories":[232],"tags":[],"class_list":["post-242578","post","type-post","status-publish","format-standard","hentry","category-prhae"],"acf":[],"_links":{"self":[{"href":"https:\/\/progepe.ufpr.br\/portarias\/wp-json\/wp\/v2\/posts\/242578","targetHints":{"allow":["GET"]}}],"collection":[{"href":"https:\/\/progepe.ufpr.br\/portarias\/wp-json\/wp\/v2\/posts"}],"about":[{"href":"https:\/\/progepe.ufpr.br\/portarias\/wp-json\/wp\/v2\/types\/post"}],"author":[{"embeddable":true,"href":"https:\/\/progepe.ufpr.br\/portarias\/wp-json\/wp\/v2\/users\/41"}],"replies":[{"embeddable":true,"href":"https:\/\/progepe.ufpr.br\/portarias\/wp-json\/wp\/v2\/comments?post=242578"}],"version-history":[{"count":1,"href":"https:\/\/progepe.ufpr.br\/portarias\/wp-json\/wp\/v2\/posts\/242578\/revisions"}],"predecessor-version":[{"id":245266,"href":"https:\/\/progepe.ufpr.br\/portarias\/wp-json\/wp\/v2\/posts\/242578\/revisions\/245266"}],"wp:attachment":[{"href":"https:\/\/progepe.ufpr.br\/portarias\/wp-json\/wp\/v2\/media?parent=242578"}],"wp:term":[{"taxonomy":"category","embeddable":true,"href":"https:\/\/progepe.ufpr.br\/portarias\/wp-json\/wp\/v2\/categories?post=242578"},{"taxonomy":"post_tag","embeddable":true,"href":"https:\/\/progepe.ufpr.br\/portarias\/wp-json\/wp\/v2\/tags?post=242578"}],"curies":[{"name":"wp","href":"https:\/\/api.w.org\/{rel}","templated":true}]}}