{"id":242583,"date":"2003-08-25T10:57:00","date_gmt":"2003-08-25T13:57:00","guid":{"rendered":"http:\/\/progepe.ufpr.br\/portarias\/prhae-2003-03272\/"},"modified":"2023-09-05T09:33:24","modified_gmt":"2023-09-05T12:33:24","slug":"prhae-2003-03272","status":"publish","type":"post","link":"https:\/\/progepe.ufpr.br\/portarias\/prhae-2003-03272\/","title":{"rendered":"PORTARIA N\u00ba 03272\/PRHAE, DE 25 DE AGOSTO DE 2003"},"content":{"rendered":"\n<p>O Pr\u00f3-Reitor ddee RReeccuurrmdsooss WHouummaasnos ee A\u00c1ssunitooss Estudantis ddaa UUnniivveerrsidade Federal ddoo PPaarrunm\u00e1, nnoo uusso odd ee \u00absuas atlritburi\u00e7i\u00f5ebsu, \u00edt\u00e7e\u00f5nmdeo s,ccmm vistaa a4 commpepte\u00eatnc\u00eaina ciqaue lhe \u00e9\u00e9 conferida ppeellaa PPoorrttaarriiaa nn\u00ba\u00ba 22.,3590),, ddee 2266 ddee sseetteemmbbrroo ddee 11999977 ee ccoonnssiiddeerranadnod o oo qquuee ccoonnssttaa nnoo pprrooc\u00e7eessssoo nn\u00ba\u00ba 229988&#038;4466\/\/0033&#8211;3333,,<\/p>\n\n\n<p><strong>RESOLVE:<\/strong><\/p>\n\n\n<p>Conceder Aposecntadoria Volunt\u00e1ria Proporcional aaoo Tempo ddee Contribui\u00e7\u00e3o, nos termos da Emenda Constitucional n\u00ba 20\/98, a DEUSDEDIT HYPOLITO &#8211; 76600, Ilnottaaddaa nnoo CCeennttroo ddee Computa\u00e7\u00e3o EElleeitrr\u00f4\u00f4nniiccaa,, ooccuuppaannttee ddoo ccaarregoo ddee DDiiggiittaaddoorr,, nn\u00ed\u00edvveell ITnntteerrimmeeddii\u00e1\u00e1rriioo,, ccllaassssee 5S,, ppaaddrr\u00e3\u00e3oo 1IL,, nnoo rrceggiimmee ddee 4d0O ((qquuaarreennttaa)) bhoorraass sseemmaannaaiiss,, com oe vveenncciimmeennttoe ddoo mmeenncciioonnaaddoo ccaarrggoo a2 rraazz\u00e3\u00e3oo ddee 7755 ((sseett\u00e9\u00e9nntiat ae \u00e9 cciinnccoo ppoorr cceennttoo)),, mmaaiiss oo ppeerrcceennttuuaall ddee 33,,1177 iinnccoorrppoorraaddoo ccoonnffoorrmmee SSeenntteenn\u00e7\u00e7aa JJuuddiicciiaall pprrooffeerriiddaa eemm AA\u00e7\u00e7\u00e3\u00e3oo OOrrddiinn\u00e1\u00e1rriiaa nn\u00ba\u00ba SAAOA OQMAM G] ) ddaa 552 Vara CCiivviill FFeeddeerraall ddeessttaa CCaappiittaall,, cealculado a\u00c0 mesmmiaa rraaz\u00c3\u00c3oOo,, mmaaiiss aa Varnnttaaggeem Pecuni\u00e1ria Individual,. institu\u00edda ppeellaa LLeeii nn\u00ba\u00ba 1L0.698R\/03 ddeo 02.,07.,2003, DOU ddee 03.07,.03, mauis \u00ab4 Gratilfica\u00e7\u00e3o Adicional por Tempo de Servi\u00e7o, prevista no Arnt, 67 da Lei Bn\u00ba.8 .111 12\/90, no foadice dde 18 (tdeezzoointo ppoor cceento)., calculado sobre o0 vencimento b\u00e1sico do cCaarn\u00e7too eeffeeltiivvoo.<\/p><p><\/p>\n\n\n<div style=\"height:15px\" aria-hidden=\"true\" class=\"wp-block-spacer\"><\/div>\n\n\n<div class=\"wp-block-buttons is-content-justification-right is-layout-flex wp-container-core-buttons-is-layout-1 wp-block-buttons-is-layout-flex\">\n<div class=\"wp-block-button has-custom-font-size is-style-outline has-small-font-size is-style-outline--1\"><a class=\"wp-block-button__link\" href=\"https:\/\/progepe.ufpr.br\/portarias\/wp-content\/uploads\/pcp\/PRHAE\/2003\/3272PR.pdf\" style=\"border-radius:0px\" target=\"_blank\" rel=\"noreferrer noopener\">Acesse o arquivo da portaria<\/a><\/div><\/div>\n","protected":false},"excerpt":{"rendered":"<p>Conceder Aposecntadoria Volunt\u00e1ria Proporcional aaoo Tempo ddee Contribui\u00e7\u00e3o, nos termos da Emenda Constitucional n\u00ba 20\/98, a DEUSDEDIT HYPOLITO &#8211; 76600, Ilnottaaddaa nnoo CCeennttroo ddee Computa\u00e7\u00e3o EElleeitrr\u00f4\u00f4nniiccaa,, ooccuuppaannttee ddoo ccaarregoo ddee DDiiggiittaaddoorr,, nn\u00ed\u00edvveell ITnntteerrimmeeddii\u00e1\u00e1rriioo,, ccllaassssee 5S,, ppaaddrr\u00e3\u00e3oo 1IL,, nnoo rrceggiimmee ddee 4d0O ((qquuaarreennttaa)) bhoorraass sseemmaannaaiiss,, com oe vveenncciimmeennttoe ddoo mmeenncciioonnaaddoo ccaarrggoo a2 rraazz\u00e3\u00e3oo ddee 7755 ((sseett\u00e9\u00e9nntiat ae \u00e9 cciinnccoo ppoorr cceennttoo)),, mmaaiiss oo ppeerrcceennttuuaall ddee 33,,1177 iinnccoorrppoorraaddoo ccoonnffoorrmmee SSeenntteenn\u00e7\u00e7aa JJuuddiicciiaall pprrooffeerriiddaa eemm AA\u00e7\u00e7\u00e3\u00e3oo OOrrddiinn\u00e1\u00e1rriiaa nn\u00ba\u00ba SAAOA OQMAM G] ) ddaa 552 Vara CCiivviill FFeeddeerraall ddeessttaa CCaappiittaall,, cealculado a\u00c0 mesmmiaa rraaz\u00c3\u00c3oOo,, mmaaiiss aa Varnnttaaggeem Pecuni\u00e1ria Individual,. institu\u00edda ppeellaa LLeeii nn\u00ba\u00ba<\/p>\n","protected":false},"author":41,"featured_media":0,"comment_status":"closed","ping_status":"closed","sticky":false,"template":"wp-custom-template-emissao-entre-01-05-2004-ate-30-06-2017","format":"standard","meta":{"_acf_changed":false,"iawp_total_views":0,"footnotes":""},"categories":[232],"tags":[],"class_list":["post-242583","post","type-post","status-publish","format-standard","hentry","category-prhae"],"acf":[],"_links":{"self":[{"href":"https:\/\/progepe.ufpr.br\/portarias\/wp-json\/wp\/v2\/posts\/242583","targetHints":{"allow":["GET"]}}],"collection":[{"href":"https:\/\/progepe.ufpr.br\/portarias\/wp-json\/wp\/v2\/posts"}],"about":[{"href":"https:\/\/progepe.ufpr.br\/portarias\/wp-json\/wp\/v2\/types\/post"}],"author":[{"embeddable":true,"href":"https:\/\/progepe.ufpr.br\/portarias\/wp-json\/wp\/v2\/users\/41"}],"replies":[{"embeddable":true,"href":"https:\/\/progepe.ufpr.br\/portarias\/wp-json\/wp\/v2\/comments?post=242583"}],"version-history":[{"count":1,"href":"https:\/\/progepe.ufpr.br\/portarias\/wp-json\/wp\/v2\/posts\/242583\/revisions"}],"predecessor-version":[{"id":245271,"href":"https:\/\/progepe.ufpr.br\/portarias\/wp-json\/wp\/v2\/posts\/242583\/revisions\/245271"}],"wp:attachment":[{"href":"https:\/\/progepe.ufpr.br\/portarias\/wp-json\/wp\/v2\/media?parent=242583"}],"wp:term":[{"taxonomy":"category","embeddable":true,"href":"https:\/\/progepe.ufpr.br\/portarias\/wp-json\/wp\/v2\/categories?post=242583"},{"taxonomy":"post_tag","embeddable":true,"href":"https:\/\/progepe.ufpr.br\/portarias\/wp-json\/wp\/v2\/tags?post=242583"}],"curies":[{"name":"wp","href":"https:\/\/api.w.org\/{rel}","templated":true}]}}