{"id":242584,"date":"2003-08-25T10:58:00","date_gmt":"2003-08-25T13:58:00","guid":{"rendered":"http:\/\/progepe.ufpr.br\/portarias\/prhae-2003-03273\/"},"modified":"2023-09-22T16:09:24","modified_gmt":"2023-09-22T19:09:24","slug":"prhae-2003-03273","status":"publish","type":"post","link":"https:\/\/progepe.ufpr.br\/portarias\/prhae-2003-03273\/","title":{"rendered":"PORTARIA N\u00ba 03273\/PRHAE, DE 25 DE AGOSTO DE 2003"},"content":{"rendered":"\n<p style=\"padding-left:43%\">O Pr\u00f3-Reitor de Recursos Humanos e Assuntos Estudantis da Universidade Federal do Paran\u00e1, no uso de suas atribui\u00e7\u00f5es, tendo em vista a compet\u00eancia que lhe \u00e9 conferida pela Portaria n\u00ba 2.590, de 26 de setembro de 1997 e considerando o que consta no processo n\u00ba 25559\/03-08,<\/p>\n\n\n\n<p style=\"padding-left:43%\"><strong>RESOLVE:<\/strong><\/p>\n\n\n\n<p>Conceder Aposentadoria Volunt\u00e1ria Integral por Tempo de Contribui\u00e7\u00e3o em Magist\u00e9rio, nos termos do Art. 8\u00ba \u00a7 4\u00ba da Emenda Constitucional n\u00ba 20\/98, a Docente VIRGINIA SOUZA DE C. BORGES KISTMANN &#8211; 60739, lotada no Departamento de Design do Setor de Ci\u00eancias Humanas, Letras e Artes, ocupante da categoria funcional de Magist\u00e9rio Superior, classe de Professor Adjunto, n\u00edvel II, com Doutorado, no regime de 40 (quarenta) horas semanais, com Dedica\u00e7\u00e3o Exclusiva, com o vencimento do mencionado cargo, mais a Gratifica\u00e7\u00e3o de Atividade, institu\u00edda pela Lei Delegada n\u00ba 13\/92, calculada sobre o Vencimento B\u00e1sico, mais a Gratifica\u00e7\u00e3o Adicional por Tempo de Servi\u00e7o, prevista no Art. 67 da Lei n\u00ba 8.112\/90, no \u00edndice de 22% (vinte e dois por cento), mais a Vantagem Pecuni\u00e1ria Individual, institu\u00edda pela Lei n\u00ba 10.698\/03 de 02.07.02003, DOU de 03.07.03, mais a Vantagem Pessoal do Art. 62 da Lei n\u00ba 8.112\/90, origin\u00e1ria da incorpora\u00e7\u00e3o nos termos do Art. 3\u00ba a 11\u00ba da Lei n\u00ba 8.911\/94, Lei n\u00ba 9.527\/97 e Lei n\u00ba 9.624\/98, correspondente as fra\u00e7\u00f5es de d\u00e9cimos equivalente a 4\/10 (quatro d\u00e9cimos) da Fun\u00e7\u00e3o Gratificada c\u00f3digo FG-1, mais a 2\/10 (dois d\u00e9cimos) da Fun\u00e7\u00e3o Gratificada, c\u00f3digo FG-4, mais 2\/10 (dois d\u00e9cimos) da Fun\u00e7\u00e3o Gratificada, c\u00f3digo FG-3, mais o percentual de 3,17% incorporado conforme Senten\u00e7a Judicial proferida em a\u00e7\u00e3o Ordin\u00e1ria n\u00ba 99.000.5007-0 da 2\u00aa Vara Civil Federal desta Capital, mais a Gratifica\u00e7\u00e3o de Est\u00edmulo a Doc\u00eancia institu\u00edda pela Lei n\u00ba 9.678\/98.<\/p>\n","protected":false},"excerpt":{"rendered":"<p>Conceder Aposentadoria Volunt\u00e1ria Integral por Tempo de Contribui\u00e7\u00e3o em Magist\u00e9rio, nos termos do Art. 8\u00ba \u00a7 4\u00ba da Emenda Constitucional n\u00ba 20\/98, a Docente VIRGINIA SOUZA DE C. BORGES KISTMANN &#8211; 60739, lotada no Departamento de Design do Setor de Ci\u00eancias Humanas, Letras e Artes, ocupante da categoria funcional de Magist\u00e9rio Superior, classe de Professor Adjunto, n\u00edvel II, com Doutorado, no regime de 40 (quarenta) horas semanais, com Dedica\u00e7\u00e3o Exclusiva, com o vencimento do mencionado cargo, mais a Gratifica\u00e7\u00e3o de Atividade, institu\u00edda pela Lei Delegada n\u00ba 13\/92, calculada sobre o Vencimento B\u00e1sico, mais a Gratifica\u00e7\u00e3o Adicional por Tempo<\/p>\n","protected":false},"author":41,"featured_media":0,"comment_status":"closed","ping_status":"closed","sticky":false,"template":"","format":"standard","meta":{"_acf_changed":false,"iawp_total_views":0,"footnotes":""},"categories":[232],"tags":[125],"class_list":["post-242584","post","type-post","status-publish","format-standard","hentry","category-prhae","tag-aposentadoria"],"acf":[],"_links":{"self":[{"href":"https:\/\/progepe.ufpr.br\/portarias\/wp-json\/wp\/v2\/posts\/242584","targetHints":{"allow":["GET"]}}],"collection":[{"href":"https:\/\/progepe.ufpr.br\/portarias\/wp-json\/wp\/v2\/posts"}],"about":[{"href":"https:\/\/progepe.ufpr.br\/portarias\/wp-json\/wp\/v2\/types\/post"}],"author":[{"embeddable":true,"href":"https:\/\/progepe.ufpr.br\/portarias\/wp-json\/wp\/v2\/users\/41"}],"replies":[{"embeddable":true,"href":"https:\/\/progepe.ufpr.br\/portarias\/wp-json\/wp\/v2\/comments?post=242584"}],"version-history":[{"count":13,"href":"https:\/\/progepe.ufpr.br\/portarias\/wp-json\/wp\/v2\/posts\/242584\/revisions"}],"predecessor-version":[{"id":251998,"href":"https:\/\/progepe.ufpr.br\/portarias\/wp-json\/wp\/v2\/posts\/242584\/revisions\/251998"}],"wp:attachment":[{"href":"https:\/\/progepe.ufpr.br\/portarias\/wp-json\/wp\/v2\/media?parent=242584"}],"wp:term":[{"taxonomy":"category","embeddable":true,"href":"https:\/\/progepe.ufpr.br\/portarias\/wp-json\/wp\/v2\/categories?post=242584"},{"taxonomy":"post_tag","embeddable":true,"href":"https:\/\/progepe.ufpr.br\/portarias\/wp-json\/wp\/v2\/tags?post=242584"}],"curies":[{"name":"wp","href":"https:\/\/api.w.org\/{rel}","templated":true}]}}