{"id":242587,"date":"2003-08-25T11:01:00","date_gmt":"2003-08-25T14:01:00","guid":{"rendered":"http:\/\/progepe.ufpr.br\/portarias\/prhae-2003-03276\/"},"modified":"2023-09-05T09:33:24","modified_gmt":"2023-09-05T12:33:24","slug":"prhae-2003-03276","status":"publish","type":"post","link":"https:\/\/progepe.ufpr.br\/portarias\/prhae-2003-03276\/","title":{"rendered":"PORTARIA N\u00ba 03276\/PRHAE, DE 25 DE AGOSTO DE 2003"},"content":{"rendered":"\n<p>O Pr\u00f3-Reitor de Recnuurssos IHlumanos ec A\u00c1Asssuunnttos EEssttuuddaannttiiss ddaa UTnmiivveerrssiiddaaddee FFeeddeerraall ddoo PPaarraann\u00e1d,, nnoo uussoo ddee sEuaSs airibuni\u00e7\u00f5bes,e tienm\u00e7do \u00f5ccemm svviiss,ttaa \u00e0\u00e0 compceotmp\u00eaetn\u00eancciiaa qquuee llhhee \u00e9\u00e9 confceonrfeiridd a Ppeellaa PPoorraarriiaa nn\u00ba\u00ba 22..559900,, ddee 2266 ddee setembsetermbro o ddee 19979 7 e\u00ab consicdonesridaernanddoo oo qmue consta npoq processo n\u00ba 1T8R0O396A\/R00I-O5-1S,1,<\/p>\n\n\n<p><strong>RESOLVE:<\/strong><\/p>\n\n\n<p>CCoonncceeddeerr AAppoosseennttaaddoorriiaa VYoolluunntt\u00edirriiaa iInntteeggrraall ppoorr Tempo ddee CCoonnttrriibbuuii\u00e7\u00e7\u00e3\u00e3oo eemm MMaaggiisstt\u00e9\u00e9rriioo,, nnooss tteerrmmooss ddoo A\u00c1rrtt.. 88\u00ba &#038;$ 44\u00ba\u00ba ddaa EEmmeennddaa CCoonnssttiittuueclioonnaall nn\u00ba\u00ba 2200\/\/99B8,, \u00e0a Docente PATRICIA MONS\u00c3O MOLLO &#8211; 94072, Iloottaaddaa nnoo Departamento ddee Comunica\u00e7\u00e3o Socilal do NSetor ddee Ci\u00eancias Humanas, Letras cc A\u00c1rtes, ocupante da categoria fTuncilonal ddee Muagist\u00e9rio Superior, classe de Professor Adjunto, n\u00edvei I1V, com Mestrado, no regime de 40 A(qquuaarreennttaa)) hhoorraass sseemmaann\u00e1aiiss,, ccoomm DDeeddiiccaa\u00e7\u00e7\u00e3\u00e3oo EExxoclluussiivvaa,, com eO vveenncciimmeennttoo ddoo menclionado ccaarrggoe,, mmaaliss aa CCiirraattiiffiiccaa\u00e7\u00e7\u00e3\u00e3oo ddee \u2014 AAttiivviiddaaddee,, iinnssttiittuu\u00ed\u00edddaa ppeellaa LLeeii Delegada \u00e0n\u00ba 1133\/\/9827 ccaallccuullaaddaa ssoobbrree oo YVeenncciimmeennttoo BB\u00e1\u00e1ssiiccoo,, mmaaiiss GGrraattiiffiiccaa\u00e7\u00e7\u00e3\u00e3oo AAddiicciioonnaall ppoorr TTeemmppoo ddee SSeerrvvii\u00e7\u00e7oo,, pprreevviissttaa n9oo AArrtt,. 6477 ddaa LLeeii 6n\u00ba\u00ba 8&#038;.. 111122\/\/9900,, 6n5o nfaddiiocce H16  (ddezessreics sppoosrr ecceiennttsue)) ,, nmami\u00e1si sa \u00e0 Vantagem PPeessssooasll ddoo Art . 6622 ddaa LLeeii nn\u00ba\u00ba 88..111422\/\/9900,, orirgin\u00e1rpidadiaa inncc\u00e1oropnroer\u00e7ai\u00e7\u00e3\u00e3ooa an ooss tercmosn odsdoo AAtrrmt.. 33\u00ba\u00ba \u00e0\u00e0 1111\u00ba\u00ba ddaa L[Leei] n6\u00ba\u00ba E6..991111\/\/9944,, LLeeii nn\u00ba 9,52797 \u00e9\u00e9 LLe\u00e3i \u00baa 99..6622744\/\/9988 coormresppoonndednetae tea2 s5 fra\u00e7\u00f5esdde e d\u00ea\u00e9cimos eeqquuiivvaalloonntee a\u00e0 44\/\/1100 i(qquuaaiisroo dd\u00e9\u00e9cciirmnooss)) ddaa HFFuunm\u00e7\u00e7\u00e3\u00e3oo GGrraattiiffiiccaaddaa,, cc\u00f3\u00f3ddiiggoo FFGG&#8211;I1,, mais a\u00e0 VYaannttaaggeemm PPeeccuuaoii\u00e1\u00e1rriiaa IInaddiivviidduuaall,, iinnssttiittuu\u00ed\u00edddaa ppeellaa LLeeii nn\u00ba\u00ba 1EO0G.66889;0033 ddee 0022\/.0077..22006033,, DOU ddee 0033:.0077:.0033,, ammaaiiss \u00e0 a GGrraattiiffiiccaa\u00e7\u00e7\u00e3\u00e3oo ddee EEsstt\u00ed\u00edrmruulloo \u00e0\u00e0 DDoocc\u00ea\u00eanncciiaa imnsstitni\u00fatdau \u00edpdpeealla a LLeeii nn\u00ba\u00ba 99. 667788\/\/9988.<\/p><p><\/p>\n\n\n<div style=\"height:15px\" aria-hidden=\"true\" class=\"wp-block-spacer\"><\/div>\n\n\n<div class=\"wp-block-buttons is-content-justification-right is-layout-flex wp-container-core-buttons-is-layout-1 wp-block-buttons-is-layout-flex\">\n<div class=\"wp-block-button has-custom-font-size is-style-outline has-small-font-size is-style-outline--1\"><a class=\"wp-block-button__link\" href=\"https:\/\/progepe.ufpr.br\/portarias\/wp-content\/uploads\/pcp\/PRHAE\/2003\/3276PR.pdf\" style=\"border-radius:0px\" target=\"_blank\" rel=\"noreferrer noopener\">Acesse o arquivo da portaria<\/a><\/div><\/div>\n","protected":false},"excerpt":{"rendered":"<p>CCoonncceeddeerr AAppoosseennttaaddoorriiaa VYoolluunntt\u00edirriiaa iInntteeggrraall ppoorr Tempo ddee CCoonnttrriibbuuii\u00e7\u00e7\u00e3\u00e3oo eemm MMaaggiisstt\u00e9\u00e9rriioo,, nnooss tteerrmmooss ddoo A\u00c1rrtt.. 88\u00ba &#038;$ 44\u00ba\u00ba ddaa EEmmeennddaa CCoonnssttiittuueclioonnaall nn\u00ba\u00ba 2200\/\/99B8,, \u00e0a Docente PATRICIA MONS\u00c3O MOLLO &#8211; 94072, Iloottaaddaa nnoo Departamento ddee Comunica\u00e7\u00e3o Socilal do NSetor ddee Ci\u00eancias Humanas, Letras cc A\u00c1rtes, ocupante da categoria fTuncilonal ddee Muagist\u00e9rio Superior, classe de Professor Adjunto, n\u00edvei I1V, com Mestrado, no regime de 40 A(qquuaarreennttaa)) hhoorraass sseemmaann\u00e1aiiss,, ccoomm DDeeddiiccaa\u00e7\u00e7\u00e3\u00e3oo EExxoclluussiivvaa,, com eO vveenncciimmeennttoo ddoo menclionado ccaarrggoe,, mmaaliss aa CCiirraattiiffiiccaa\u00e7\u00e7\u00e3\u00e3oo ddee \u2014 AAttiivviiddaaddee,, iinnssttiittuu\u00ed\u00edddaa ppeellaa LLeeii Delegada \u00e0n\u00ba 1133\/\/9827 ccaallccuullaaddaa ssoobbrree oo YVeenncciimmeennttoo BB\u00e1\u00e1ssiiccoo,, mmaaiiss GGrraattiiffiiccaa\u00e7\u00e7\u00e3\u00e3oo AAddiicciioonnaall ppoorr TTeemmppoo ddee SSeerrvvii\u00e7\u00e7oo,,<\/p>\n","protected":false},"author":41,"featured_media":0,"comment_status":"closed","ping_status":"closed","sticky":false,"template":"wp-custom-template-emissao-entre-01-05-2004-ate-30-06-2017","format":"standard","meta":{"_acf_changed":false,"iawp_total_views":0,"footnotes":""},"categories":[232],"tags":[],"class_list":["post-242587","post","type-post","status-publish","format-standard","hentry","category-prhae"],"acf":[],"_links":{"self":[{"href":"https:\/\/progepe.ufpr.br\/portarias\/wp-json\/wp\/v2\/posts\/242587","targetHints":{"allow":["GET"]}}],"collection":[{"href":"https:\/\/progepe.ufpr.br\/portarias\/wp-json\/wp\/v2\/posts"}],"about":[{"href":"https:\/\/progepe.ufpr.br\/portarias\/wp-json\/wp\/v2\/types\/post"}],"author":[{"embeddable":true,"href":"https:\/\/progepe.ufpr.br\/portarias\/wp-json\/wp\/v2\/users\/41"}],"replies":[{"embeddable":true,"href":"https:\/\/progepe.ufpr.br\/portarias\/wp-json\/wp\/v2\/comments?post=242587"}],"version-history":[{"count":1,"href":"https:\/\/progepe.ufpr.br\/portarias\/wp-json\/wp\/v2\/posts\/242587\/revisions"}],"predecessor-version":[{"id":245275,"href":"https:\/\/progepe.ufpr.br\/portarias\/wp-json\/wp\/v2\/posts\/242587\/revisions\/245275"}],"wp:attachment":[{"href":"https:\/\/progepe.ufpr.br\/portarias\/wp-json\/wp\/v2\/media?parent=242587"}],"wp:term":[{"taxonomy":"category","embeddable":true,"href":"https:\/\/progepe.ufpr.br\/portarias\/wp-json\/wp\/v2\/categories?post=242587"},{"taxonomy":"post_tag","embeddable":true,"href":"https:\/\/progepe.ufpr.br\/portarias\/wp-json\/wp\/v2\/tags?post=242587"}],"curies":[{"name":"wp","href":"https:\/\/api.w.org\/{rel}","templated":true}]}}