{"id":242592,"date":"2003-08-25T11:06:00","date_gmt":"2003-08-25T14:06:00","guid":{"rendered":"http:\/\/progepe.ufpr.br\/portarias\/prhae-2003-03281\/"},"modified":"2024-02-28T13:46:52","modified_gmt":"2024-02-28T16:46:52","slug":"prhae-2003-03281","status":"publish","type":"post","link":"https:\/\/progepe.ufpr.br\/portarias\/prhae-2003-03281\/","title":{"rendered":"PORTARIA N\u00ba 03281\/PRHAE, DE 25 DE AGOSTO DE 2003"},"content":{"rendered":"\n<p style=\"padding-left:43%\">O Pr\u00f3-Reitor de Recursos Humanos e Assuntos Estudantis da Universidade Federal do Paran\u00e1, no uso de suas atribui\u00e7\u00f5es, tendo em vista a compet\u00eancia que lhe \u00e9 conferida pela Portaria n\u00ba 2.590, de 26 de setembro de 1997 e considerando o que consta do processo n\u00ba 26062\/03-17,<\/p>\n\n\n\n<p style=\"padding-left:43%\"><strong>RESOLVE:<\/strong><\/p>\n\n\n\n<p>I. Exonerar, a pedido, a partir de 06 de junho de 2003, do Quadro Permanente desta Universidade, LEANDRO KUHN &#8211; 154253, ocupante do cargo de T\u00e9cnico de Laborat\u00f3rio\/\u00c1rea, lotado no Centro de Computa\u00e7\u00e3o Eletr\u00f4nica.<\/p>\n\n\n\n<p>II. Declarar aberta a vaga.<\/p>\n","protected":false},"excerpt":{"rendered":"<p>I. Exonerar, a pedido, a partir de 06 de junho de 2003, do Quadro Permanente desta Universidade, LEANDRO KUHN &#8211; 154253, ocupante do cargo de T\u00e9cnico de Laborat\u00f3rio\/\u00c1rea, lotado no Centro de Computa\u00e7\u00e3o Eletr\u00f4nica.  II. Declarar aberta a vaga.<\/p>\n","protected":false},"author":41,"featured_media":0,"comment_status":"closed","ping_status":"closed","sticky":false,"template":"","format":"standard","meta":{"_acf_changed":false,"iawp_total_views":2,"footnotes":""},"categories":[232],"tags":[122],"class_list":["post-242592","post","type-post","status-publish","format-standard","hentry","category-prhae","tag-exoneracao"],"acf":[],"_links":{"self":[{"href":"https:\/\/progepe.ufpr.br\/portarias\/wp-json\/wp\/v2\/posts\/242592","targetHints":{"allow":["GET"]}}],"collection":[{"href":"https:\/\/progepe.ufpr.br\/portarias\/wp-json\/wp\/v2\/posts"}],"about":[{"href":"https:\/\/progepe.ufpr.br\/portarias\/wp-json\/wp\/v2\/types\/post"}],"author":[{"embeddable":true,"href":"https:\/\/progepe.ufpr.br\/portarias\/wp-json\/wp\/v2\/users\/41"}],"replies":[{"embeddable":true,"href":"https:\/\/progepe.ufpr.br\/portarias\/wp-json\/wp\/v2\/comments?post=242592"}],"version-history":[{"count":4,"href":"https:\/\/progepe.ufpr.br\/portarias\/wp-json\/wp\/v2\/posts\/242592\/revisions"}],"predecessor-version":[{"id":254765,"href":"https:\/\/progepe.ufpr.br\/portarias\/wp-json\/wp\/v2\/posts\/242592\/revisions\/254765"}],"wp:attachment":[{"href":"https:\/\/progepe.ufpr.br\/portarias\/wp-json\/wp\/v2\/media?parent=242592"}],"wp:term":[{"taxonomy":"category","embeddable":true,"href":"https:\/\/progepe.ufpr.br\/portarias\/wp-json\/wp\/v2\/categories?post=242592"},{"taxonomy":"post_tag","embeddable":true,"href":"https:\/\/progepe.ufpr.br\/portarias\/wp-json\/wp\/v2\/tags?post=242592"}],"curies":[{"name":"wp","href":"https:\/\/api.w.org\/{rel}","templated":true}]}}