{"id":242595,"date":"2003-08-26T10:01:00","date_gmt":"2003-08-26T13:01:00","guid":{"rendered":"http:\/\/progepe.ufpr.br\/portarias\/prhae-2003-03284\/"},"modified":"2023-09-05T09:33:25","modified_gmt":"2023-09-05T12:33:25","slug":"prhae-2003-03284","status":"publish","type":"post","link":"https:\/\/progepe.ufpr.br\/portarias\/prhae-2003-03284\/","title":{"rendered":"PORTARIA N\u00ba 03284\/PRHAE, DE 26 DE AGOSTO DE 2003"},"content":{"rendered":"\n<p>O Pr\u00f3-Reitor ddee Recursos IHumanos e\u00e9 A\u00c1Asssuunnttoos Estudantis ddaa Universidade Federalt tdo Paran\u00e1, nnoo uussoo ddee uSjuas atribulii\u00e7\u00e7\u00f5\u00f5ees, tendo Eem vista \u00e0\u00e0 compet\u00eancia que lhoe \u00e9\u00e9 ecowniffeerriida ppeellaa PPoorrtiaarriiaa nn\u00ba\u00ba 22..559900,, ddee 2266 ddee saeettereambrbor odde e 11999977 ee conmsiderando oo quuee ccoonnssttaa nno\u00f3 pprrooc\u00e7eessssoo nn\u00ba\u00ba 2277665577\/\/010&#8211;9900,,<\/p>\n\n\n<p><strong>RESOLVE:<\/strong><\/p>\n\n\n<p>Comneceder o adicional de insalubridade, vcormreemsppoornddente a8o0 gprau mn\u00e9diod e [0 (dczd poer czoetnto o)),, aa partiirr ddee 2299 de Ffevveercritnoi rodea 22000O033,, aao2 0 PPrrooffessor CARLOS ESTEVAM NOLF DAMIANI &#8211; 50229, classe Adjunto, lotado ngc Deparrtiaammeenmto de Fislioglogia do Semrgr ddee Ci\u00eancias Biokl\u00f3gicas.<\/p><p><\/p>\n\n\n<div style=\"height:15px\" aria-hidden=\"true\" class=\"wp-block-spacer\"><\/div>\n\n\n<div class=\"wp-block-buttons is-content-justification-right is-layout-flex wp-container-core-buttons-is-layout-1 wp-block-buttons-is-layout-flex\">\n<div class=\"wp-block-button has-custom-font-size is-style-outline has-small-font-size is-style-outline--1\"><a class=\"wp-block-button__link\" href=\"https:\/\/progepe.ufpr.br\/portarias\/wp-content\/uploads\/pcp\/PRHAE\/2003\/3284PR.pdf\" style=\"border-radius:0px\" target=\"_blank\" rel=\"noreferrer noopener\">Acesse o arquivo da portaria<\/a><\/div><\/div>\n","protected":false},"excerpt":{"rendered":"<p>Comneceder o adicional de insalubridade, vcormreemsppoornddente a8o0 gprau mn\u00e9diod e [0 (dczd poer czoetnto o)),, aa partiirr ddee 2299 de Ffevveercritnoi rodea 22000O033,, aao2 0 PPrrooffessor CARLOS ESTEVAM NOLF DAMIANI &#8211; 50229, classe Adjunto, lotado ngc Deparrtiaammeenmto de Fislioglogia do Semrgr ddee Ci\u00eancias Biokl\u00f3gicas.  {&#8220;height&#8221;:&#8221;15px&#8221;} <\/p>\n<div style=\"height:15px\" aria-hidden=\"true\" class=\"wp-block-spacer\"> <!-- \/wp:spacer  {\"layout\":{\"type\":\"flex\",\"justifyContent\":\"right\"}} \n\n<div class=\"wp-block-buttons\"><!-- wp:button {\"style\":{\"border\":{\"radius\":\"0px\"}},\"className\":\"is-style-outline\",\"fontSize\":\"small\"} \n\n<div class=\"wp-block-button has-custom-font-size is-style-outline has-small-font-size\"><a class=\"wp-block-button__link\" href=\"https:\/\/progepe.ufpr.br\/portarias\/wp-content\/uploads\/pcp\/PRHAE\/2003\/3284PR.pdf\" style=\"border-radius:0px\" target=\"_blank\" rel=\"noreferrer noopener\">Acesse o arquivo da portaria<\/a><!-- \/wp:button <!-- \/wp:buttons\n<\/p>\n","protected":false},"author":41,"featured_media":0,"comment_status":"closed","ping_status":"closed","sticky":false,"template":"wp-custom-template-emissao-entre-01-05-2004-ate-30-06-2017","format":"standard","meta":{"_acf_changed":false,"iawp_total_views":0,"footnotes":""},"categories":[232],"tags":[],"class_list":["post-242595","post","type-post","status-publish","format-standard","hentry","category-prhae"],"acf":[],"_links":{"self":[{"href":"https:\/\/progepe.ufpr.br\/portarias\/wp-json\/wp\/v2\/posts\/242595","targetHints":{"allow":["GET"]}}],"collection":[{"href":"https:\/\/progepe.ufpr.br\/portarias\/wp-json\/wp\/v2\/posts"}],"about":[{"href":"https:\/\/progepe.ufpr.br\/portarias\/wp-json\/wp\/v2\/types\/post"}],"author":[{"embeddable":true,"href":"https:\/\/progepe.ufpr.br\/portarias\/wp-json\/wp\/v2\/users\/41"}],"replies":[{"embeddable":true,"href":"https:\/\/progepe.ufpr.br\/portarias\/wp-json\/wp\/v2\/comments?post=242595"}],"version-history":[{"count":1,"href":"https:\/\/progepe.ufpr.br\/portarias\/wp-json\/wp\/v2\/posts\/242595\/revisions"}],"predecessor-version":[{"id":245282,"href":"https:\/\/progepe.ufpr.br\/portarias\/wp-json\/wp\/v2\/posts\/242595\/revisions\/245282"}],"wp:attachment":[{"href":"https:\/\/progepe.ufpr.br\/portarias\/wp-json\/wp\/v2\/media?parent=242595"}],"wp:term":[{"taxonomy":"category","embeddable":true,"href":"https:\/\/progepe.ufpr.br\/portarias\/wp-json\/wp\/v2\/categories?post=242595"},{"taxonomy":"post_tag","embeddable":true,"href":"https:\/\/progepe.ufpr.br\/portarias\/wp-json\/wp\/v2\/tags?post=242595"}],"curies":[{"name":"wp","href":"https:\/\/api.w.org\/{rel}","templated":true}]}}