{"id":242602,"date":"2003-08-26T10:08:00","date_gmt":"2003-08-26T13:08:00","guid":{"rendered":"http:\/\/progepe.ufpr.br\/portarias\/prhae-2003-03291\/"},"modified":"2023-09-05T09:33:25","modified_gmt":"2023-09-05T12:33:25","slug":"prhae-2003-03291","status":"publish","type":"post","link":"https:\/\/progepe.ufpr.br\/portarias\/prhae-2003-03291\/","title":{"rendered":"PORTARIA N\u00ba 03291\/PRHAE, DE 26 DE AGOSTO DE 2003"},"content":{"rendered":"\n<p>O Pr\u00f3-Reitor ddee Recursos Humanos \u00e9e Assuntos EEstusdanttisu ddaa d UUnnaiivveenrrssiidtdaaddeei FFeseddeerr aall ddoo PPaarraann\u00e1\u00e1,, nnoo uusso odd eo Ssugas attrirbui\u00e7b\u00f5eus,i \u00e7te\u00f5nedos ,eem vviistttaa aa compet\u00eancia que llhhee \u00e9\u00e9 cgonferida pola PPoorrttaarrii\u00e1\u00e1 nn\u00ba\u00ba 22,,559900,, ddee 2266 ddee setembro dde 19979 7\u00e9\u00e9 consciondsiederraandno dooo qquu\u00eaee ccoinnms\u00e1atiaa n1oo pprocceesssos onn\u00ba\u00ba 275S8E55\/S0A3A&#8211;81,<\/p>\n\n\n<p><strong>RESOLVE:<\/strong><\/p>\n\n\n<p>Coo nceder o1 aficii onl ddee inosalbuebrriiddaaddee,, oomespondeda nte aoo pprraou mm\u00e9\u00e9ddiioo ddee 1100 ((ddeezz ppoert cceenntteul)),, \u00e0\u00e0 ppaarrttiirr ddee 1155 \u00abduet aabribl rddeei 220l00033 ,, \u00e0\u00e0 PPrrooffeessssoora REGINA MARIA QUEIROZ DE MELLO &#8211; 172006, ccllaassssee AAddjj unto, lIomtauda dnno\u00e1o DepDepa rtamento ddee Qu\u00edm\u00edicam iddoo c SSaeetto orr ddee CCii\u00ea\u00eaencciiaass EBxxa\u00f3ttaass.<\/p><p><\/p>\n\n\n<div style=\"height:15px\" aria-hidden=\"true\" class=\"wp-block-spacer\"><\/div>\n\n\n<div class=\"wp-block-buttons is-content-justification-right is-layout-flex wp-container-core-buttons-is-layout-1 wp-block-buttons-is-layout-flex\">\n<div class=\"wp-block-button has-custom-font-size is-style-outline has-small-font-size is-style-outline--1\"><a class=\"wp-block-button__link\" href=\"https:\/\/progepe.ufpr.br\/portarias\/wp-content\/uploads\/pcp\/PRHAE\/2003\/3291PR.pdf\" style=\"border-radius:0px\" target=\"_blank\" rel=\"noreferrer noopener\">Acesse o arquivo da portaria<\/a><\/div><\/div>\n","protected":false},"excerpt":{"rendered":"<p>Coo nceder o1 aficii onl ddee inosalbuebrriiddaaddee,, oomespondeda nte aoo pprraou mm\u00e9\u00e9ddiioo ddee 1100 ((ddeezz ppoert cceenntteul)),, \u00e0\u00e0 ppaarrttiirr ddee 1155 \u00abduet aabribl rddeei 220l00033 ,, \u00e0\u00e0 PPrrooffeessssoora REGINA MARIA QUEIROZ DE MELLO &#8211; 172006, ccllaassssee AAddjj unto, lIomtauda dnno\u00e1o DepDepa rtamento ddee Qu\u00edm\u00edicam iddoo c SSaeetto orr ddee CCii\u00ea\u00eaencciiaass EBxxa\u00f3ttaass.  {&#8220;height&#8221;:&#8221;15px&#8221;} <\/p>\n<div style=\"height:15px\" aria-hidden=\"true\" class=\"wp-block-spacer\"> <!-- \/wp:spacer  {\"layout\":{\"type\":\"flex\",\"justifyContent\":\"right\"}} \n\n<div class=\"wp-block-buttons\"><!-- wp:button {\"style\":{\"border\":{\"radius\":\"0px\"}},\"className\":\"is-style-outline\",\"fontSize\":\"small\"} \n\n<div class=\"wp-block-button has-custom-font-size is-style-outline has-small-font-size\"><a class=\"wp-block-button__link\" href=\"https:\/\/progepe.ufpr.br\/portarias\/wp-content\/uploads\/pcp\/PRHAE\/2003\/3291PR.pdf\" style=\"border-radius:0px\" target=\"_blank\" rel=\"noreferrer noopener\">Acesse o arquivo da portaria<\/a><!-- \/wp:bu\n<\/p>\n","protected":false},"author":41,"featured_media":0,"comment_status":"closed","ping_status":"closed","sticky":false,"template":"wp-custom-template-emissao-entre-01-05-2004-ate-30-06-2017","format":"standard","meta":{"_acf_changed":false,"iawp_total_views":0,"footnotes":""},"categories":[232],"tags":[],"class_list":["post-242602","post","type-post","status-publish","format-standard","hentry","category-prhae"],"acf":[],"_links":{"self":[{"href":"https:\/\/progepe.ufpr.br\/portarias\/wp-json\/wp\/v2\/posts\/242602","targetHints":{"allow":["GET"]}}],"collection":[{"href":"https:\/\/progepe.ufpr.br\/portarias\/wp-json\/wp\/v2\/posts"}],"about":[{"href":"https:\/\/progepe.ufpr.br\/portarias\/wp-json\/wp\/v2\/types\/post"}],"author":[{"embeddable":true,"href":"https:\/\/progepe.ufpr.br\/portarias\/wp-json\/wp\/v2\/users\/41"}],"replies":[{"embeddable":true,"href":"https:\/\/progepe.ufpr.br\/portarias\/wp-json\/wp\/v2\/comments?post=242602"}],"version-history":[{"count":1,"href":"https:\/\/progepe.ufpr.br\/portarias\/wp-json\/wp\/v2\/posts\/242602\/revisions"}],"predecessor-version":[{"id":245289,"href":"https:\/\/progepe.ufpr.br\/portarias\/wp-json\/wp\/v2\/posts\/242602\/revisions\/245289"}],"wp:attachment":[{"href":"https:\/\/progepe.ufpr.br\/portarias\/wp-json\/wp\/v2\/media?parent=242602"}],"wp:term":[{"taxonomy":"category","embeddable":true,"href":"https:\/\/progepe.ufpr.br\/portarias\/wp-json\/wp\/v2\/categories?post=242602"},{"taxonomy":"post_tag","embeddable":true,"href":"https:\/\/progepe.ufpr.br\/portarias\/wp-json\/wp\/v2\/tags?post=242602"}],"curies":[{"name":"wp","href":"https:\/\/api.w.org\/{rel}","templated":true}]}}