{"id":242603,"date":"2003-08-26T10:09:00","date_gmt":"2003-08-26T13:09:00","guid":{"rendered":"http:\/\/progepe.ufpr.br\/portarias\/prhae-2003-03292\/"},"modified":"2023-09-05T09:33:25","modified_gmt":"2023-09-05T12:33:25","slug":"prhae-2003-03292","status":"publish","type":"post","link":"https:\/\/progepe.ufpr.br\/portarias\/prhae-2003-03292\/","title":{"rendered":"PORTARIA N\u00ba 03292\/PRHAE, DE 26 DE AGOSTO DE 2003"},"content":{"rendered":"\n<p>O Pr\u00f3-Reitor ddee Recursos ITluummaannoos e\u20ac Assuntos EEssttuuddaannttiiss ddae UUninverislvdadee rFFeesddeerriaall d ddoao PPdaarreaann\u00e1d ,, nnoo uusso odd ee SMuWwa\u00e1ss aailrriibbuuii\u00e7\u00e7\u00f5\u00f5eess,, tteennddoo eemm vviisstaa \u00e0\u00e0 CcOonmppeotet\u00ea\u00e9nncciiaa qquuee llhhee \u00e9\u00e9 gcoonnffeexriiddaa pTetlha PPoorrttaarriiaa nn\u00ba\u00ba 22..5590), ddee 2266 ddee sseetlecmbro de 1997 e\u00e9 connssiddeerando oo que ccoonnssttaa nnoo pprroopceessssoo nn\u00ba\u00ba 1 9(79970904\/0A30-35-544,,<\/p>\n\n\n<p><strong>RESOLVE:<\/strong><\/p>\n\n\n<p>Conocendecr e0e daaddieicciiroonnaa ll ddee peerriiccuulloosuidade, ccoorrreesspondente Daoo ggrraua udd ee 10 (dez ppoorr cento),. a\u00e0 ppartiirr ddee 06 de mmaio de 2003, \u00e0 \u00e0 sseerrvviiddoorra DIRCE APARECIDA MATIAS &#8211; 123587, ooccuuppaannttee ddoo ccaarggoo ddee rreecceeppcciioonaiissttaa,, lluottaaddaa nnoo GGaabbiinneeitee ddoo DDiirmeeiruorr ddee CCii\u00ea\u00eanncciiaass daa SSaa\u00fa\u00faddee \u00ab\u00abolo SSeettoorr de Ci\u00ea\u00eanncciiaass da Sa\u00fade.<\/p><p><\/p>\n\n\n<div style=\"height:15px\" aria-hidden=\"true\" class=\"wp-block-spacer\"><\/div>\n\n\n<div class=\"wp-block-buttons is-content-justification-right is-layout-flex wp-container-core-buttons-is-layout-1 wp-block-buttons-is-layout-flex\">\n<div class=\"wp-block-button has-custom-font-size is-style-outline has-small-font-size is-style-outline--1\"><a class=\"wp-block-button__link\" href=\"https:\/\/progepe.ufpr.br\/portarias\/wp-content\/uploads\/pcp\/PRHAE\/2003\/3292PR.pdf\" style=\"border-radius:0px\" target=\"_blank\" rel=\"noreferrer noopener\">Acesse o arquivo da portaria<\/a><\/div><\/div>\n","protected":false},"excerpt":{"rendered":"<p>Conocendecr e0e daaddieicciiroonnaa ll ddee peerriiccuulloosuidade, ccoorrreesspondente Daoo ggrraua udd ee 10 (dez ppoorr cento),. a\u00e0 ppartiirr ddee 06 de mmaio de 2003, \u00e0 \u00e0 sseerrvviiddoorra DIRCE APARECIDA MATIAS &#8211; 123587, ooccuuppaannttee ddoo ccaarggoo ddee rreecceeppcciioonaiissttaa,, lluottaaddaa nnoo GGaabbiinneeitee ddoo DDiirmeeiruorr ddee CCii\u00ea\u00eanncciiaass daa SSaa\u00fa\u00faddee \u00ab\u00abolo SSeettoorr de Ci\u00ea\u00eanncciiaass da Sa\u00fade.  {&#8220;height&#8221;:&#8221;15px&#8221;} <\/p>\n<div style=\"height:15px\" aria-hidden=\"true\" class=\"wp-block-spacer\"> <!-- \/wp:spacer  {\"layout\":{\"type\":\"flex\",\"justifyContent\":\"right\"}} \n\n<div class=\"wp-block-buttons\"><!-- wp:button {\"style\":{\"border\":{\"radius\":\"0px\"}},\"className\":\"is-style-outline\",\"fontSize\":\"small\"} \n\n<div class=\"wp-block-button has-custom-font-size is-style-outline has-small-font-size\"><a class=\"wp-block-button__link\" href=\"https:\/\/progepe.ufpr.br\/portarias\/wp-content\/uploads\/pcp\/PRHAE\/2003\/3292PR.pdf\" style=\"border-radius:0px\" target=\"_blank\" rel=\"noreferrer noopener\">Acess\n<\/p>\n","protected":false},"author":41,"featured_media":0,"comment_status":"closed","ping_status":"closed","sticky":false,"template":"wp-custom-template-emissao-entre-01-05-2004-ate-30-06-2017","format":"standard","meta":{"_acf_changed":false,"iawp_total_views":1,"footnotes":""},"categories":[232],"tags":[],"class_list":["post-242603","post","type-post","status-publish","format-standard","hentry","category-prhae"],"acf":[],"_links":{"self":[{"href":"https:\/\/progepe.ufpr.br\/portarias\/wp-json\/wp\/v2\/posts\/242603","targetHints":{"allow":["GET"]}}],"collection":[{"href":"https:\/\/progepe.ufpr.br\/portarias\/wp-json\/wp\/v2\/posts"}],"about":[{"href":"https:\/\/progepe.ufpr.br\/portarias\/wp-json\/wp\/v2\/types\/post"}],"author":[{"embeddable":true,"href":"https:\/\/progepe.ufpr.br\/portarias\/wp-json\/wp\/v2\/users\/41"}],"replies":[{"embeddable":true,"href":"https:\/\/progepe.ufpr.br\/portarias\/wp-json\/wp\/v2\/comments?post=242603"}],"version-history":[{"count":1,"href":"https:\/\/progepe.ufpr.br\/portarias\/wp-json\/wp\/v2\/posts\/242603\/revisions"}],"predecessor-version":[{"id":245290,"href":"https:\/\/progepe.ufpr.br\/portarias\/wp-json\/wp\/v2\/posts\/242603\/revisions\/245290"}],"wp:attachment":[{"href":"https:\/\/progepe.ufpr.br\/portarias\/wp-json\/wp\/v2\/media?parent=242603"}],"wp:term":[{"taxonomy":"category","embeddable":true,"href":"https:\/\/progepe.ufpr.br\/portarias\/wp-json\/wp\/v2\/categories?post=242603"},{"taxonomy":"post_tag","embeddable":true,"href":"https:\/\/progepe.ufpr.br\/portarias\/wp-json\/wp\/v2\/tags?post=242603"}],"curies":[{"name":"wp","href":"https:\/\/api.w.org\/{rel}","templated":true}]}}