{"id":242825,"date":"2003-09-30T10:00:00","date_gmt":"2003-09-30T13:00:00","guid":{"rendered":"http:\/\/progepe.ufpr.br\/portarias\/prhae-2003-03551\/"},"modified":"2003-09-30T10:00:00","modified_gmt":"2003-09-30T13:00:00","slug":"prhae-2003-03551","status":"publish","type":"post","link":"https:\/\/progepe.ufpr.br\/portarias\/prhae-2003-03551\/","title":{"rendered":"PORTARIA N\u00ba 03551\/PRHAE, DE 30 DE SETEMBRO DE 2003"},"content":{"rendered":"\n<p>O Pr\u00f3-Reitor de Recursos Humanos ee \u00c1Assuntos Estudantis da Universidade Federal do Paran\u00e1, no uvso de Ssuas atribu\u00edi\u00e7\u00f5es, lendo cm vviissttaa \u00e0\u00e0 compet\u00eancia que J1hhee \u20ac\u20ac confeirida ppeellaa PPoorrttaarriiaa nn\u00ba\u00ba 22..559900,, ddee 2264 ddee setembro ddee 11999977,, considerando oe qquuee ccoornnssttaa nnaass LLeeiiss nn\u00ba\u00ba 8,.745\/903 ee 9,849\/099 \u00e9o ddee aco\u00f3rdo com a\u00e0ss KRReessoolluu\u00e7\u00e7\u00f5\u00f5eess nn\u00ba\u00ba 732\/901-CEP, 31\/895-CEPF \u00e9\u00ab 26\/06-CEPE, ee aaiinnddaa vo ccoonnttiiddoo nn\u00bao pprroocceessssoo nn\u00ba\u00ba 1199779911\/\/\/0033&#8211;1177,,<\/p>\n\n\n<p><strong>RESOLVE:<\/strong><\/p>\n\n\n<p>|1. Conteraasllaar ALCION ALVES DA SILVA, como Professor Subst\u00edituto, com sal\u00e1rio correspondente \u00e0\u00e0 classe ddee Professor Adjunto, nn\u00ed\u00edvveell 11,, nnoo regime ddee ttrraabbaallhhoo ddee 2200 ((vviinnttee)) hhoorraass semanais, ppaarraa oo Departamento ddee Estomatologia ddoo SSeettoorr ddee CUiil\u00ea\u00e9nncciiaass ddaa SSaa\u00fa\u00faddee,, aa ppaarrttiirr ddaa aassssiinnaattuurraa ddoo ccoonnttrraattoo,, aatt\u00e9\u00e9 DD66 ddee mrmaarr\u00e7\u00e7oo ddee 22000044,, nnaa vvaagpaa decorrente da aposentadoria de Rachel de Britttoo Campelli.<\/p><p> 1111.. Connc\u00e7eededre r qo aaccrr\u00e9\u00easscciimmoo ssaallaarriiaall,, ddee aaccoorrddoo ccoomm oo aarmtiiggoo 11\u00ba\u00ba,, &#038;8 11\u00ba\u00ba,.<\/p><p> aalli\u00ednneeaa aa ddaa LLeeii nn\u00ba\u00ba 8,243\/91], tteennddoo eemm vviissttaa ppoossssuuiri ro 5 tt\u00ed\u00edttuulloo ddee DDoouuttoor.<\/p><p><\/p>\n\n\n<div style=\"height:15px\" aria-hidden=\"true\" class=\"wp-block-spacer\"><\/div>\n\n\n<div class=\"wp-block-buttons is-content-justification-right is-layout-flex wp-container-core-buttons-is-layout-1 wp-block-buttons-is-layout-flex\">\n<div class=\"wp-block-button has-custom-font-size is-style-outline has-small-font-size is-style-outline--1\"><a class=\"wp-block-button__link\" href=\"https:\/\/progepe.ufpr.br\/portarias\/wp-content\/uploads\/pcp\/PRHAE\/2003\/3551PR.pdf\" style=\"border-radius:0px\" target=\"_blank\" rel=\"noreferrer noopener\">Acesse o arquivo da portaria<\/a><\/div><\/div>\n","protected":false},"excerpt":{"rendered":"<p>|1. Conteraasllaar ALCION ALVES DA SILVA, como Professor Subst\u00edituto, com sal\u00e1rio correspondente \u00e0\u00e0 classe ddee Professor Adjunto, nn\u00ed\u00edvveell 11,, nnoo regime ddee ttrraabbaallhhoo ddee 2200 ((vviinnttee)) hhoorraass semanais, ppaarraa oo Departamento ddee Estomatologia ddoo SSeettoorr ddee CUiil\u00ea\u00e9nncciiaass ddaa SSaa\u00fa\u00faddee,, aa ppaarrttiirr ddaa aassssiinnaattuurraa ddoo ccoonnttrraattoo,, aatt\u00e9\u00e9 DD66 ddee mrmaarr\u00e7\u00e7oo ddee 22000044,, nnaa vvaagpaa decorrente da aposentadoria de Rachel de Britttoo Campelli. 1111.. Connc\u00e7eededre r qo aaccrr\u00e9\u00easscciimmoo ssaallaarriiaall,, ddee aaccoorrddoo ccoomm oo aarmtiiggoo 11\u00ba\u00ba,, &#038;8 11\u00ba\u00ba,. aalli\u00ednneeaa aa ddaa LLeeii nn\u00ba\u00ba 8,243\/91], tteennddoo eemm vviissttaa ppoossssuuiri ro 5 tt\u00ed\u00edttuulloo ddee DDoouuttoor.  {&#8220;height&#8221;:&#8221;15px&#8221;} <\/p>\n<div style=\"height:15px\" aria-hidden=\"true\" class=\"wp-block-spacer\"> <!-- \/wp:spacer\n<\/p>\n","protected":false},"author":41,"featured_media":0,"comment_status":"closed","ping_status":"closed","sticky":false,"template":"wp-custom-template-emissao-entre-01-05-2004-ate-30-06-2017","format":"standard","meta":{"_acf_changed":false,"iawp_total_views":0,"footnotes":""},"categories":[232],"tags":[],"class_list":["post-242825","post","type-post","status-publish","format-standard","hentry","category-prhae"],"acf":[],"_links":{"self":[{"href":"https:\/\/progepe.ufpr.br\/portarias\/wp-json\/wp\/v2\/posts\/242825","targetHints":{"allow":["GET"]}}],"collection":[{"href":"https:\/\/progepe.ufpr.br\/portarias\/wp-json\/wp\/v2\/posts"}],"about":[{"href":"https:\/\/progepe.ufpr.br\/portarias\/wp-json\/wp\/v2\/types\/post"}],"author":[{"embeddable":true,"href":"https:\/\/progepe.ufpr.br\/portarias\/wp-json\/wp\/v2\/users\/41"}],"replies":[{"embeddable":true,"href":"https:\/\/progepe.ufpr.br\/portarias\/wp-json\/wp\/v2\/comments?post=242825"}],"version-history":[{"count":0,"href":"https:\/\/progepe.ufpr.br\/portarias\/wp-json\/wp\/v2\/posts\/242825\/revisions"}],"wp:attachment":[{"href":"https:\/\/progepe.ufpr.br\/portarias\/wp-json\/wp\/v2\/media?parent=242825"}],"wp:term":[{"taxonomy":"category","embeddable":true,"href":"https:\/\/progepe.ufpr.br\/portarias\/wp-json\/wp\/v2\/categories?post=242825"},{"taxonomy":"post_tag","embeddable":true,"href":"https:\/\/progepe.ufpr.br\/portarias\/wp-json\/wp\/v2\/tags?post=242825"}],"curies":[{"name":"wp","href":"https:\/\/api.w.org\/{rel}","templated":true}]}}