{"id":242841,"date":"2003-10-02T10:10:00","date_gmt":"2003-10-02T13:10:00","guid":{"rendered":"http:\/\/progepe.ufpr.br\/portarias\/prhae-2003-03567\/"},"modified":"2023-09-05T09:33:36","modified_gmt":"2023-09-05T12:33:36","slug":"prhae-2003-03567","status":"publish","type":"post","link":"https:\/\/progepe.ufpr.br\/portarias\/prhae-2003-03567\/","title":{"rendered":"PORTARIA N\u00ba 03567\/PRHAE, DE 02 DE OUTUBRO DE 2003"},"content":{"rendered":"\n<p>O Pr\u00f3-Reitor ddee KReeccuurrssooss Humanos e\u00e9 AAssssuunnttooss Estudantis ddaa Universidade Federal ddoo Paran\u00e1, nnoo uussoo ddee saua5s aattrriibbuuii\u00e7\u00f5es, tendo emm vviissttaa \u00e0a ccoompetr\u00eanicciiaa qquuee llhhee \u00e9\u00e9 ccoonnfferida ppeellaa PPoorrttaarriiaa nn\u00ba\u00ba 22..559900,, ddee 2266 ddee settemebmrbo roddee 11999977,, considerandoo o que consta nas Leis n\u00ba $8.745\/93 \u00abc 9.849\/99 ee de acordo com aass RReessoolluu\u00e7\u00e7\u00f5\u00f5eess nn\u00ba\u00ba 77223\/\/9911&#8211;CCEEPP,, 3311\/\/9955&#8211;CCEEPP ee 2266\/\/9966.-CCEEPPEE,, ee aaiinnddaa oo contido nno\u00f3 processo nn\u00ba\u00ba 20713\/03-19,<\/p>\n\n\n<p><strong>RESOLVE:<\/strong><\/p>\n\n\n<p>EL Contratar CRISTINA SETIM FREITAS, como PFErrooffeessssor Substitutio, com ssaall\u00e1\u00e1rriioo ccoormrrreessppoonnddeennttee \u00e0\u00e0 ccllaassssee ddce PPrrooffeessssoorr AAssssiisstteennttee,, nn\u00ed\u00edvveell 11,, nnoo rreeggiimmee dd\u00e7e trabalho dde 220 (vintee)) horas sseemmanais, para oo Departameennttoo dde Farmacologia do Setor ddee CCii\u00ea\u00eanncciiaass BBiionll\u00f3\u00f3ggiiccaass,, a\u00e0 ppaarrttiirr ddaa aassssiinnaattuurraa ddoo ccoonnttrraattoo,, amt\u00e9\u00e9 0066 ddee mar\u00e7o ddee 22000044,. nnaa vvaapgaa doecomente ddoo falecimento ddee Ana Marriiaa SSooaarres ddee Arruda.<\/p><p> I1T,. Conoco acer\u00e9scdimoe ssaralari al, de acocornm doo aoarrttii gzoo 1\u00ba, $ 1\u00ba, aall\u00ed\u00ednneeaa aa ddaa LLeeii nn\u00ba\u00ba 88.224433\/\/9911,, tteennddoo em vviissttaa possuiro o \u00fat\u00edttuulloo ddee MMeessttrree..<\/p><p> *i PBuabblliiccaaddoo nn\u00baoo DDii\u00e1\u00e1rriiso OOffiicciiooll ddaa UUnnii\u00e3\u00e3oo SdT\/E 10\/02D3 Seanaa TE , p \u00f3D D<\/p><p><\/p>\n\n\n<div style=\"height:15px\" aria-hidden=\"true\" class=\"wp-block-spacer\"><\/div>\n\n\n<div class=\"wp-block-buttons is-content-justification-right is-layout-flex wp-container-core-buttons-is-layout-1 wp-block-buttons-is-layout-flex\">\n<div class=\"wp-block-button has-custom-font-size is-style-outline has-small-font-size is-style-outline--1\"><a class=\"wp-block-button__link\" href=\"https:\/\/progepe.ufpr.br\/portarias\/wp-content\/uploads\/pcp\/PRHAE\/2003\/3567PR.pdf\" style=\"border-radius:0px\" target=\"_blank\" rel=\"noreferrer noopener\">Acesse o arquivo da portaria<\/a><\/div><\/div>\n","protected":false},"excerpt":{"rendered":"<p>EL Contratar CRISTINA SETIM FREITAS, como PFErrooffeessssor Substitutio, com ssaall\u00e1\u00e1rriioo ccoormrrreessppoonnddeennttee \u00e0\u00e0 ccllaassssee ddce PPrrooffeessssoorr AAssssiisstteennttee,, nn\u00ed\u00edvveell 11,, nnoo rreeggiimmee dd\u00e7e trabalho dde 220 (vintee)) horas sseemmanais, para oo Departameennttoo dde Farmacologia do Setor ddee CCii\u00ea\u00eanncciiaass BBiionll\u00f3\u00f3ggiiccaass,, a\u00e0 ppaarrttiirr ddaa aassssiinnaattuurraa ddoo ccoonnttrraattoo,, amt\u00e9\u00e9 0066 ddee mar\u00e7o ddee 22000044,. nnaa vvaapgaa doecomente ddoo falecimento ddee Ana Marriiaa SSooaarres ddee Arruda. I1T,. Conoco acer\u00e9scdimoe ssaralari al, de acocornm doo aoarrttii gzoo 1\u00ba, $ 1\u00ba, aall\u00ed\u00ednneeaa aa ddaa LLeeii nn\u00ba\u00ba 88.224433\/\/9911,, tteennddoo em vviissttaa possuiro o \u00fat\u00edttuulloo ddee MMeessttrree.. *i PBuabblliiccaaddoo nn\u00baoo DDii\u00e1\u00e1rriiso OOffiicciiooll ddaa UUnnii\u00e3\u00e3oo SdT\/E 10\/02D3 Seanaa TE<\/p>\n","protected":false},"author":41,"featured_media":0,"comment_status":"closed","ping_status":"closed","sticky":false,"template":"wp-custom-template-emissao-entre-01-05-2004-ate-30-06-2017","format":"standard","meta":{"_acf_changed":false,"iawp_total_views":0,"footnotes":""},"categories":[232],"tags":[],"class_list":["post-242841","post","type-post","status-publish","format-standard","hentry","category-prhae"],"acf":[],"_links":{"self":[{"href":"https:\/\/progepe.ufpr.br\/portarias\/wp-json\/wp\/v2\/posts\/242841","targetHints":{"allow":["GET"]}}],"collection":[{"href":"https:\/\/progepe.ufpr.br\/portarias\/wp-json\/wp\/v2\/posts"}],"about":[{"href":"https:\/\/progepe.ufpr.br\/portarias\/wp-json\/wp\/v2\/types\/post"}],"author":[{"embeddable":true,"href":"https:\/\/progepe.ufpr.br\/portarias\/wp-json\/wp\/v2\/users\/41"}],"replies":[{"embeddable":true,"href":"https:\/\/progepe.ufpr.br\/portarias\/wp-json\/wp\/v2\/comments?post=242841"}],"version-history":[{"count":1,"href":"https:\/\/progepe.ufpr.br\/portarias\/wp-json\/wp\/v2\/posts\/242841\/revisions"}],"predecessor-version":[{"id":245548,"href":"https:\/\/progepe.ufpr.br\/portarias\/wp-json\/wp\/v2\/posts\/242841\/revisions\/245548"}],"wp:attachment":[{"href":"https:\/\/progepe.ufpr.br\/portarias\/wp-json\/wp\/v2\/media?parent=242841"}],"wp:term":[{"taxonomy":"category","embeddable":true,"href":"https:\/\/progepe.ufpr.br\/portarias\/wp-json\/wp\/v2\/categories?post=242841"},{"taxonomy":"post_tag","embeddable":true,"href":"https:\/\/progepe.ufpr.br\/portarias\/wp-json\/wp\/v2\/tags?post=242841"}],"curies":[{"name":"wp","href":"https:\/\/api.w.org\/{rel}","templated":true}]}}