{"id":242844,"date":"2003-10-02T10:13:00","date_gmt":"2003-10-02T13:13:00","guid":{"rendered":"http:\/\/progepe.ufpr.br\/portarias\/prhae-2003-03570\/"},"modified":"2023-09-05T09:33:36","modified_gmt":"2023-09-05T12:33:36","slug":"prhae-2003-03570","status":"publish","type":"post","link":"https:\/\/progepe.ufpr.br\/portarias\/prhae-2003-03570\/","title":{"rendered":"PORTARIA N\u00ba 03570\/PRHAE, DE 02 DE OUTUBRO DE 2003"},"content":{"rendered":"\n<p>O Pr\u00f3-Reitor de Recursos Humanos ee A\u00c1ssuntos EEssttuuddaannttiiss ddaa Universidade FFeeddeerraall ddoo PPaarreaannd\u00e1\u00e1,, nnoo uusseo ddee sSuuaass atribui\u00e7\u00f5es, tendo em vviissttaa a a compet\u00ea\u00e9ncia que llhhee \u00e9\u00e9 conferida ppeellaa PPoorrttaarriiaa nn\u00ba\u00ba 72,.559900,, ddee 2266 ddee sseetteemmbbrroo ddee 11999977,, ccoonnssiiddeerraannddoo oo qquuee ccoonnssttaa nnaass LLeeiiss nn\u00ba\u00ba 8.745\/93 ee 990.,884499\/\/9999 ee ddee acordo com aass RReessoolluu\u00e7\u00e7\u00f5\u00f5eess nn\u00ba\u00ba 7TI2\/\/9011&#8211;CCEEPP,, 31\/095-CEP ee 2266\/\/99066&#8211;CCEEPPEE,, ee aaiinnddaa oo contido nnoo processoa nn\u00ba\u00ba 2329557777\/\/0033&#8211;75,<\/p>\n\n\n<p><strong>RESOLVE:<\/strong><\/p>\n\n\n<p>1l CCoonnttrraattaarr ADELAIDE MARISTELA HERBERTZ, como PFrrooffeessssoorr SSuubbssttiittuuttoo,, ccoomm ssaall\u00e1\u00e1rriioo ccoorrrreessppoonnddeennttee \u00e0\u00e0 ccllaassssee ddee PPrroeffeessssoorr AAssssiisstteennttee,, nn\u00ed\u00edvveell I1,, nnoo regime de trabalho de 20 (vinte) hboras semanais, para o o Departamento de Letras Estrangeiras Modemas do Setor ddee Ci\u00eancias Hurmmaannaass, Letras e\u00e9 AArrtteess,, \u00e0\u00e0 ppaarrttiirr ddaa assinatura do contrato, aatt\u00e9\u00e9 016 ddee nmmaarr\u00e7\u00e7o ddee 220000M44,, nnaa vaga ddee c\u00f3digo 263715.<\/p><p> HU.. Conceder oo acr\u00e9scimo ssaallaarriiaall,, ddee aaccoorrddoo com oo aarnttiiggoo 11\u00ba\u00ba,, &#038;8 11,, al\u00edinea aa ddaa LLeeii nn\u00ba\u00ba 8.243\/91, tendo em vviissttaa possuir qo tli\u00edttuulloo ddee Mestre, RuPbulbiliccaaddo nnoo DDii\u00e1\u00e1rrioa Oficiaoll ddaa \/ UUnniittisa ddaefeb 1188, [ PDES BEM .TEE tras2 .di YVViillssoon Kachel mep<\/p><p><\/p>\n\n\n<div style=\"height:15px\" aria-hidden=\"true\" class=\"wp-block-spacer\"><\/div>\n\n\n<div class=\"wp-block-buttons is-content-justification-right is-layout-flex wp-container-core-buttons-is-layout-1 wp-block-buttons-is-layout-flex\">\n<div class=\"wp-block-button has-custom-font-size is-style-outline has-small-font-size is-style-outline--1\"><a class=\"wp-block-button__link\" href=\"https:\/\/progepe.ufpr.br\/portarias\/wp-content\/uploads\/pcp\/PRHAE\/2003\/3570PR.pdf\" style=\"border-radius:0px\" target=\"_blank\" rel=\"noreferrer noopener\">Acesse o arquivo da portaria<\/a><\/div><\/div>\n","protected":false},"excerpt":{"rendered":"<p>1l CCoonnttrraattaarr ADELAIDE MARISTELA HERBERTZ, como PFrrooffeessssoorr SSuubbssttiittuuttoo,, ccoomm ssaall\u00e1\u00e1rriioo ccoorrrreessppoonnddeennttee \u00e0\u00e0 ccllaassssee ddee PPrroeffeessssoorr AAssssiisstteennttee,, nn\u00ed\u00edvveell I1,, nnoo regime de trabalho de 20 (vinte) hboras semanais, para o o Departamento de Letras Estrangeiras Modemas do Setor ddee Ci\u00eancias Hurmmaannaass, Letras e\u00e9 AArrtteess,, \u00e0\u00e0 ppaarrttiirr ddaa assinatura do contrato, aatt\u00e9\u00e9 016 ddee nmmaarr\u00e7\u00e7o ddee 220000M44,, nnaa vaga ddee c\u00f3digo 263715. HU.. Conceder oo acr\u00e9scimo ssaallaarriiaall,, ddee aaccoorrddoo com oo aarnttiiggoo 11\u00ba\u00ba,, &#038;8 11,, al\u00edinea aa ddaa LLeeii nn\u00ba\u00ba 8.243\/91, tendo em vviissttaa possuir qo tli\u00edttuulloo ddee Mestre, RuPbulbiliccaaddo nnoo DDii\u00e1\u00e1rrioa Oficiaoll ddaa \/ UUnniittisa ddaefeb 1188, [ PDES<\/p>\n","protected":false},"author":41,"featured_media":0,"comment_status":"closed","ping_status":"closed","sticky":false,"template":"wp-custom-template-emissao-entre-01-05-2004-ate-30-06-2017","format":"standard","meta":{"_acf_changed":false,"iawp_total_views":0,"footnotes":""},"categories":[232],"tags":[],"class_list":["post-242844","post","type-post","status-publish","format-standard","hentry","category-prhae"],"acf":[],"_links":{"self":[{"href":"https:\/\/progepe.ufpr.br\/portarias\/wp-json\/wp\/v2\/posts\/242844","targetHints":{"allow":["GET"]}}],"collection":[{"href":"https:\/\/progepe.ufpr.br\/portarias\/wp-json\/wp\/v2\/posts"}],"about":[{"href":"https:\/\/progepe.ufpr.br\/portarias\/wp-json\/wp\/v2\/types\/post"}],"author":[{"embeddable":true,"href":"https:\/\/progepe.ufpr.br\/portarias\/wp-json\/wp\/v2\/users\/41"}],"replies":[{"embeddable":true,"href":"https:\/\/progepe.ufpr.br\/portarias\/wp-json\/wp\/v2\/comments?post=242844"}],"version-history":[{"count":1,"href":"https:\/\/progepe.ufpr.br\/portarias\/wp-json\/wp\/v2\/posts\/242844\/revisions"}],"predecessor-version":[{"id":245551,"href":"https:\/\/progepe.ufpr.br\/portarias\/wp-json\/wp\/v2\/posts\/242844\/revisions\/245551"}],"wp:attachment":[{"href":"https:\/\/progepe.ufpr.br\/portarias\/wp-json\/wp\/v2\/media?parent=242844"}],"wp:term":[{"taxonomy":"category","embeddable":true,"href":"https:\/\/progepe.ufpr.br\/portarias\/wp-json\/wp\/v2\/categories?post=242844"},{"taxonomy":"post_tag","embeddable":true,"href":"https:\/\/progepe.ufpr.br\/portarias\/wp-json\/wp\/v2\/tags?post=242844"}],"curies":[{"name":"wp","href":"https:\/\/api.w.org\/{rel}","templated":true}]}}