{"id":242845,"date":"2003-10-02T10:14:00","date_gmt":"2003-10-02T13:14:00","guid":{"rendered":"http:\/\/progepe.ufpr.br\/portarias\/prhae-2003-03571\/"},"modified":"2023-09-05T09:33:36","modified_gmt":"2023-09-05T12:33:36","slug":"prhae-2003-03571","status":"publish","type":"post","link":"https:\/\/progepe.ufpr.br\/portarias\/prhae-2003-03571\/","title":{"rendered":"PORTARIA N\u00ba 03571\/PRHAE, DE 02 DE OUTUBRO DE 2003"},"content":{"rendered":"\n<p>O Pr\u00f3-Reitor r ddee RReeccuurrssoos s HHuummaannooss ee A\u00c1ssuntooss Estuuddaannttiiss ddaa UUnniivveerrssiidade Feeddeerraall ddoo PPaarraann\u00e1\u00e1,, nnoo uvssoo ddee ssuuaass atribui\u00e7\u00f5es, tenmdo em vviissttaa a a compet\u00eancia que llhhee \u00e9\u00e9 conferida pela Porttaarriiaa nn\u00ba\u00ba 2.5.90,5 9ddee 02266, dee settemebmrbo roddee 1997, connssiidderearnadnod oo\u00f5 que consttaa nnaass Leis nn\u00ba\u00ba 8.745\/93 e\u00ab 9.84\/9\/989 4ee d9e \/aco9rdo 9cco om \u00e0aass Resolu\u00e7\u00f5es nn\u00ba\u00ba 723\/9])-CEP, 31\/95-CEP ee 26\/S96-C\u00c9EPE, ee aaiinnddaa oo ccoonnttiiddoo nnoo pprroocceessssoo nn\u00ba\u00ba 339955711\/\/0033&#8211;7733,,<\/p>\n\n\n<p><strong>RESOLVE:<\/strong><\/p>\n\n\n<p>11. Contratar DANIEL CARDOSO, como Professorr SSuubbssti\u00edtutro, ccoom sal\u00e1rio cormrespondente \u00e0\u00e0 classe de Professor Assistente, n\u00edvel 1],, no regime de trabalho de 20 ((vviinnttee)) hhoorraass sseemmaannaaiiss,. ppaarraa oo DDeeppaarrttaammeennttoo ddee CCii\u00ea\u00eanncciiaass SSoocciiaaiiss ddoo SSeetotro rdde e CCii\u00ea\u00eanncciiaass HHuummaannaass,, Leterast \u20acea Asrte ss,, aa partir da aasssinatura do coomnttrraato, aat\u00e9 15 de dezeemrbreo mdbe r2o003 , na vaga ddeeccoorrrreennttee ddaa aappoosseennttaaddoorriiaa ddee MMiille\u00e9nnaa MMaarriiaa CCoossttaa MMaarrtii\u00ednneezz., )1. Conceoo dacre\u00e9scrim o salarial, de acordo com oo artigo 1\u00ba, $6 1\u00ba, aall\u00ed\u00ednnceaa aa ddaa LLeeii nn\u00ba\u00ba B8..224433\/\/9911,, tteennddoo eemm vviissttaa ppososuisr s0o utt\u00ed\u00edttiuulloor d dee MMeessttrree..<\/p><p> : aa Of\u00edcial da Publicado ne Di\u00e1rio Oficial da UUsnii\u00e3\u00e3oo def Jp\/SS se\u00e7\u00e3o SEE p\u00f3e- e j p no Di\u00e1rio &#038; &#8211; de BS 1D0 Se \u00f5 =E poo- Vilson Kachel ? mer<\/p><p><\/p>\n\n\n<div style=\"height:15px\" aria-hidden=\"true\" class=\"wp-block-spacer\"><\/div>\n\n\n<div class=\"wp-block-buttons is-content-justification-right is-layout-flex wp-container-core-buttons-is-layout-1 wp-block-buttons-is-layout-flex\">\n<div class=\"wp-block-button has-custom-font-size is-style-outline has-small-font-size is-style-outline--1\"><a class=\"wp-block-button__link\" href=\"https:\/\/progepe.ufpr.br\/portarias\/wp-content\/uploads\/pcp\/PRHAE\/2003\/3571PR.pdf\" style=\"border-radius:0px\" target=\"_blank\" rel=\"noreferrer noopener\">Acesse o arquivo da portaria<\/a><\/div><\/div>\n","protected":false},"excerpt":{"rendered":"<p>11. Contratar DANIEL CARDOSO, como Professorr SSuubbssti\u00edtutro, ccoom sal\u00e1rio cormrespondente \u00e0\u00e0 classe de Professor Assistente, n\u00edvel 1],, no regime de trabalho de 20 ((vviinnttee)) hhoorraass sseemmaannaaiiss,. ppaarraa oo DDeeppaarrttaammeennttoo ddee CCii\u00ea\u00eanncciiaass SSoocciiaaiiss ddoo SSeetotro rdde e CCii\u00ea\u00eanncciiaass HHuummaannaass,, Leterast \u20acea Asrte ss,, aa partir da aasssinatura do coomnttrraato, aat\u00e9 15 de dezeemrbreo mdbe r2o003 , na vaga ddeeccoorrrreennttee ddaa aappoosseennttaaddoorriiaa ddee MMiille\u00e9nnaa MMaarriiaa CCoossttaa MMaarrtii\u00ednneezz., )1. Conceoo dacre\u00e9scrim o salarial, de acordo com oo artigo 1\u00ba, $6 1\u00ba, aall\u00ed\u00ednnceaa aa ddaa LLeeii nn\u00ba\u00ba B8..224433\/\/9911,, tteennddoo eemm vviissttaa ppososuisr s0o utt\u00ed\u00edttiuulloor d dee MMeessttrree.. : aa Of\u00edcial da Publicado<\/p>\n","protected":false},"author":41,"featured_media":0,"comment_status":"closed","ping_status":"closed","sticky":false,"template":"wp-custom-template-emissao-entre-01-05-2004-ate-30-06-2017","format":"standard","meta":{"_acf_changed":false,"iawp_total_views":0,"footnotes":""},"categories":[232],"tags":[],"class_list":["post-242845","post","type-post","status-publish","format-standard","hentry","category-prhae"],"acf":[],"_links":{"self":[{"href":"https:\/\/progepe.ufpr.br\/portarias\/wp-json\/wp\/v2\/posts\/242845","targetHints":{"allow":["GET"]}}],"collection":[{"href":"https:\/\/progepe.ufpr.br\/portarias\/wp-json\/wp\/v2\/posts"}],"about":[{"href":"https:\/\/progepe.ufpr.br\/portarias\/wp-json\/wp\/v2\/types\/post"}],"author":[{"embeddable":true,"href":"https:\/\/progepe.ufpr.br\/portarias\/wp-json\/wp\/v2\/users\/41"}],"replies":[{"embeddable":true,"href":"https:\/\/progepe.ufpr.br\/portarias\/wp-json\/wp\/v2\/comments?post=242845"}],"version-history":[{"count":1,"href":"https:\/\/progepe.ufpr.br\/portarias\/wp-json\/wp\/v2\/posts\/242845\/revisions"}],"predecessor-version":[{"id":245552,"href":"https:\/\/progepe.ufpr.br\/portarias\/wp-json\/wp\/v2\/posts\/242845\/revisions\/245552"}],"wp:attachment":[{"href":"https:\/\/progepe.ufpr.br\/portarias\/wp-json\/wp\/v2\/media?parent=242845"}],"wp:term":[{"taxonomy":"category","embeddable":true,"href":"https:\/\/progepe.ufpr.br\/portarias\/wp-json\/wp\/v2\/categories?post=242845"},{"taxonomy":"post_tag","embeddable":true,"href":"https:\/\/progepe.ufpr.br\/portarias\/wp-json\/wp\/v2\/tags?post=242845"}],"curies":[{"name":"wp","href":"https:\/\/api.w.org\/{rel}","templated":true}]}}