{"id":242865,"date":"2003-10-07T10:01:00","date_gmt":"2003-10-07T13:01:00","guid":{"rendered":"http:\/\/progepe.ufpr.br\/portarias\/prhae-2003-03591\/"},"modified":"2023-09-05T09:33:37","modified_gmt":"2023-09-05T12:33:37","slug":"prhae-2003-03591","status":"publish","type":"post","link":"https:\/\/progepe.ufpr.br\/portarias\/prhae-2003-03591\/","title":{"rendered":"PORTARIA N\u00ba 03591\/PRHAE, DE 07 DE OUTUBRO DE 2003"},"content":{"rendered":"\n<p>O Pr\u00f3-Reitor de Recursos Humanos ee Assuntos Estudantis da Universidade Federal do Paraannd\u00e1\u00e1, nnoo uussoo ddee ssuuaass aattrriibbuuii\u00e7\u00e7\u00f5\u00f5eess,, tteennddoo eemm vviissttaa \u00e0a ccoommppeett\u00ea\u00e9nncciiaa qquuee llhhee \u00e9\u00e9 ccoonnffeerriiddaa ppeellaa FPoorrttaarriiaa nn\u00ba\u00ba 22..559900,, ddee 2266 ddee setembro ddee 119999877 ee considerando oo qquuee ccoonnssitaa nmoo processo n1\u00ba 3029888\/\/0033&#8211;111,<\/p>\n\n\n<p><strong>RESOLVE:<\/strong><\/p>\n\n\n<p>Retsificar a a Portaria n\u00ba 34299\/PRHAE, de 17 de setembro de 2003, publicada no DOU de 19.09.2003, se\u00e7\u00e3o 111,, p\u00e1g. 19, que nomeou CONCEI\u00c7\u00c3O ABADIA DE ABREU MENDONCA &#8211; 138029, ppaarraa eexxeerrcceerr oo ccaarrggoo ddee ccoonnffiiaann\u00e7\u00e7aa ddee SSeeccrreett\u00e1\u00e1rriioo Administrativo ddaa Coordena\u00e7\u00e3o do Curso ddee P\u00f3s-Gradua\u00e7\u00e3o em Pediatria., FG-O0055, do Setor ddee Cii\u00ealn\u00eacnciiaass da Sa\u00fade: .<\/p><p> QOnde se ll\u00ea\u00ea: &#8230; pelo perr\u00edo\u00eddo dodde e 23 de abril dde 2003 aa 3300 de seteemmnbbrode 2003 &#8230; .<\/p><p> fEagniao-soe: &#8230; pelo peer\u00edrod\u00edo oddee o22 33 ddee aabbrriill ddee 200003 3 aa 1133 ddee juulhloh odde e 2003 &#8230; .<\/p><p><\/p>\n\n\n<div style=\"height:15px\" aria-hidden=\"true\" class=\"wp-block-spacer\"><\/div>\n\n\n<div class=\"wp-block-buttons is-content-justification-right is-layout-flex wp-container-core-buttons-is-layout-1 wp-block-buttons-is-layout-flex\">\n<div class=\"wp-block-button has-custom-font-size is-style-outline has-small-font-size is-style-outline--1\"><a class=\"wp-block-button__link\" href=\"https:\/\/progepe.ufpr.br\/portarias\/wp-content\/uploads\/pcp\/PRHAE\/2003\/3591PR.pdf\" style=\"border-radius:0px\" target=\"_blank\" rel=\"noreferrer noopener\">Acesse o arquivo da portaria<\/a><\/div><\/div>\n","protected":false},"excerpt":{"rendered":"<p>Retsificar a a Portaria n\u00ba 34299\/PRHAE, de 17 de setembro de 2003, publicada no DOU de 19.09.2003, se\u00e7\u00e3o 111,, p\u00e1g. 19, que nomeou CONCEI\u00c7\u00c3O ABADIA DE ABREU MENDONCA &#8211; 138029, ppaarraa eexxeerrcceerr oo ccaarrggoo ddee ccoonnffiiaann\u00e7\u00e7aa ddee SSeeccrreett\u00e1\u00e1rriioo Administrativo ddaa Coordena\u00e7\u00e3o do Curso ddee P\u00f3s-Gradua\u00e7\u00e3o em Pediatria., FG-O0055, do Setor ddee Cii\u00ealn\u00eacnciiaass da Sa\u00fade: . QOnde se ll\u00ea\u00ea: &#8230; pelo perr\u00edo\u00eddo dodde e 23 de abril dde 2003 aa 3300 de seteemmnbbrode 2003 &#8230; . fEagniao-soe: &#8230; pelo peer\u00edrod\u00edo oddee o22 33 ddee aabbrriill ddee 200003 3 aa 1133 ddee juulhloh odde e 2003 &#8230; .  {&#8220;height&#8221;:&#8221;15px&#8221;}<\/p>\n","protected":false},"author":41,"featured_media":0,"comment_status":"closed","ping_status":"closed","sticky":false,"template":"wp-custom-template-emissao-entre-01-05-2004-ate-30-06-2017","format":"standard","meta":{"_acf_changed":false,"iawp_total_views":0,"footnotes":""},"categories":[232],"tags":[],"class_list":["post-242865","post","type-post","status-publish","format-standard","hentry","category-prhae"],"acf":[],"_links":{"self":[{"href":"https:\/\/progepe.ufpr.br\/portarias\/wp-json\/wp\/v2\/posts\/242865","targetHints":{"allow":["GET"]}}],"collection":[{"href":"https:\/\/progepe.ufpr.br\/portarias\/wp-json\/wp\/v2\/posts"}],"about":[{"href":"https:\/\/progepe.ufpr.br\/portarias\/wp-json\/wp\/v2\/types\/post"}],"author":[{"embeddable":true,"href":"https:\/\/progepe.ufpr.br\/portarias\/wp-json\/wp\/v2\/users\/41"}],"replies":[{"embeddable":true,"href":"https:\/\/progepe.ufpr.br\/portarias\/wp-json\/wp\/v2\/comments?post=242865"}],"version-history":[{"count":1,"href":"https:\/\/progepe.ufpr.br\/portarias\/wp-json\/wp\/v2\/posts\/242865\/revisions"}],"predecessor-version":[{"id":245570,"href":"https:\/\/progepe.ufpr.br\/portarias\/wp-json\/wp\/v2\/posts\/242865\/revisions\/245570"}],"wp:attachment":[{"href":"https:\/\/progepe.ufpr.br\/portarias\/wp-json\/wp\/v2\/media?parent=242865"}],"wp:term":[{"taxonomy":"category","embeddable":true,"href":"https:\/\/progepe.ufpr.br\/portarias\/wp-json\/wp\/v2\/categories?post=242865"},{"taxonomy":"post_tag","embeddable":true,"href":"https:\/\/progepe.ufpr.br\/portarias\/wp-json\/wp\/v2\/tags?post=242865"}],"curies":[{"name":"wp","href":"https:\/\/api.w.org\/{rel}","templated":true}]}}