{"id":242873,"date":"2003-10-07T10:09:00","date_gmt":"2003-10-07T13:09:00","guid":{"rendered":"http:\/\/progepe.ufpr.br\/portarias\/prhae-2003-03599\/"},"modified":"2023-09-22T15:54:27","modified_gmt":"2023-09-22T18:54:27","slug":"prhae-2003-03599","status":"publish","type":"post","link":"https:\/\/progepe.ufpr.br\/portarias\/prhae-2003-03599\/","title":{"rendered":"PORTARIA N\u00ba 03599\/PRHAE, DE 07 DE OUTUBRO DE 2003"},"content":{"rendered":"\n<p style=\"padding-left:43%\">O Pr\u00f3-Reitor de Recursos Humanos e Assuntos Estudantis da Universidade Federal do Paran\u00e1, no uso de suas atribui\u00e7\u00f5es, tendo em vista a compet\u00eancia que lhe \u00e9 conferida pela Portaria n\u00ba 2.590, de 26 de setembro de 1997, considerando o que consta na Portaria n\u00ba 475\/87\/MEC, exposi\u00e7\u00e3o de motivos n\u00ba 01 e 02\/94-CPPTA, Resolu\u00e7\u00e3o n\u00ba 110\/93-CA e ainda o contido no processo n\u00ba 16786\/03-71,<\/p>\n\n\n\n<p style=\"padding-left:43%\"><strong>RESOLVE:<\/strong><\/p>\n\n\n\n<p>Conceder progress\u00e3o funcional por titula\u00e7\u00e3o a servidora LEONICE ARA\u00daJO DE OLIVEIRA &#8211; 151033, ocupante do cargo de Enfermeiro, lotada no Hospital de Cl\u00ednicas, do padr\u00e3o IV para padr\u00e3o V da classe B, do n\u00edvel Superior, a partir de 28 de abril de 2003, tendo em vista ter apresentado o Certificado do Curso de Especializa\u00e7\u00e3o em Sa\u00fade da Fam\u00edlia &#8220;Latu Sensu&#8221;.<\/p>\n","protected":false},"excerpt":{"rendered":"<p>Conceder progress\u00e3o funcional por titula\u00e7\u00e3o a servidora LEONICE ARA\u00daJO DE OLIVEIRA &#8211; 151033, ocupante do cargo de Enfermeiro, lotada no Hospital de Cl\u00ednicas, do padr\u00e3o IV para padr\u00e3o V da classe B, do n\u00edvel Superior, a partir de 28 de abril de 2003, tendo em vista ter apresentado o Certificado do Curso de Especializa\u00e7\u00e3o em Sa\u00fade da Fam\u00edlia &#8220;Latu Sensu&#8221;.<\/p>\n","protected":false},"author":41,"featured_media":0,"comment_status":"closed","ping_status":"closed","sticky":false,"template":"","format":"standard","meta":{"_acf_changed":false,"iawp_total_views":0,"footnotes":""},"categories":[232],"tags":[143],"class_list":["post-242873","post","type-post","status-publish","format-standard","hentry","category-prhae","tag-progressao-promocao"],"acf":[],"_links":{"self":[{"href":"https:\/\/progepe.ufpr.br\/portarias\/wp-json\/wp\/v2\/posts\/242873","targetHints":{"allow":["GET"]}}],"collection":[{"href":"https:\/\/progepe.ufpr.br\/portarias\/wp-json\/wp\/v2\/posts"}],"about":[{"href":"https:\/\/progepe.ufpr.br\/portarias\/wp-json\/wp\/v2\/types\/post"}],"author":[{"embeddable":true,"href":"https:\/\/progepe.ufpr.br\/portarias\/wp-json\/wp\/v2\/users\/41"}],"replies":[{"embeddable":true,"href":"https:\/\/progepe.ufpr.br\/portarias\/wp-json\/wp\/v2\/comments?post=242873"}],"version-history":[{"count":11,"href":"https:\/\/progepe.ufpr.br\/portarias\/wp-json\/wp\/v2\/posts\/242873\/revisions"}],"predecessor-version":[{"id":251992,"href":"https:\/\/progepe.ufpr.br\/portarias\/wp-json\/wp\/v2\/posts\/242873\/revisions\/251992"}],"wp:attachment":[{"href":"https:\/\/progepe.ufpr.br\/portarias\/wp-json\/wp\/v2\/media?parent=242873"}],"wp:term":[{"taxonomy":"category","embeddable":true,"href":"https:\/\/progepe.ufpr.br\/portarias\/wp-json\/wp\/v2\/categories?post=242873"},{"taxonomy":"post_tag","embeddable":true,"href":"https:\/\/progepe.ufpr.br\/portarias\/wp-json\/wp\/v2\/tags?post=242873"}],"curies":[{"name":"wp","href":"https:\/\/api.w.org\/{rel}","templated":true}]}}