{"id":242875,"date":"2003-10-07T10:12:00","date_gmt":"2003-10-07T13:12:00","guid":{"rendered":"http:\/\/progepe.ufpr.br\/portarias\/prhae-2003-03602\/"},"modified":"2023-09-05T09:33:37","modified_gmt":"2023-09-05T12:33:37","slug":"prhae-2003-03602","status":"publish","type":"post","link":"https:\/\/progepe.ufpr.br\/portarias\/prhae-2003-03602\/","title":{"rendered":"PORTARIA N\u00ba 03602\/PRHAE, DE 07 DE OUTUBRO DE 2003"},"content":{"rendered":"\n<p>O Pr\u00f3-Reitor de Recursos Humanos \u00abe\u00e9 Assuntos Estudantis da Universidade Federal ddoo Paran\u00e1, nnoo uussoo ddee ssuuaass aattrriibbuuii\u00e7\u00e7\u00f5\u00f5eess,, tteennddoo em vviissttaa aa compet\u00eancia qquuee llhhee \u00e9\u00e9 ccoonnffeerriiddaa ppeellaa PFoorrttaarriiaa nn\u00ba\u00ba 23,,559960,, ddee 2266 ddee sseetteemmbbrroo ddee 11999977,, e\u00e9 oo ccoonnttiiddoo nnoo processo nn\u00ba\u00ba 40203\/03-87,<\/p>\n\n\n<p><strong>RESOLVE:<\/strong><\/p>\n\n\n<p>DDeessiiggnnaarr ppaarraa,, nnoo pprra\u00e1zzoo ddee 6600 ddiiaass,, compor CCoommiissss\u00e3\u00e3oo rreessppoonnss\u00e1\u00e1vveell ppeellua aapprreesseennttaa\u00e7\u00e7\u00e3\u00e3oo pprrooppoossttaa ddee rreegguullaammeennttaa\u00e7\u00e7\u00e3\u00e3oo ee ddiimmeennssiioomnaammeennttoo ddoo PPrrooggrraammaa BBoollssaa&#8211;SS\u00ea\u00eanniioorr nnoo \u00e2mbito ddaa Universidade FFeeddeerraall ddoo PPaarraann\u00e1d,, ooss sseerrvviiddoorreess aabbaarixxoo rreellaacciioonnaaddoos: .<\/p><p> &#8211; EUL\u00c1LIA BATISTA DA SILVA &#8211; 121363.<\/p><p> &#8211; M\u00c1RCIA PORTES SIM\u00d5ES &#8211; 125830.<\/p><p> &#8211; ROSANE BIESCZAD PENTEADO &#8211; 62430.<\/p><p> &#8211; SUELI VOZ &#8211; 81876.<\/p><p><\/p>\n\n\n<div style=\"height:15px\" aria-hidden=\"true\" class=\"wp-block-spacer\"><\/div>\n\n\n<div class=\"wp-block-buttons is-content-justification-right is-layout-flex wp-container-core-buttons-is-layout-1 wp-block-buttons-is-layout-flex\">\n<div class=\"wp-block-button has-custom-font-size is-style-outline has-small-font-size is-style-outline--1\"><a class=\"wp-block-button__link\" href=\"https:\/\/progepe.ufpr.br\/portarias\/wp-content\/uploads\/pcp\/PRHAE\/2003\/3602PR.pdf\" style=\"border-radius:0px\" target=\"_blank\" rel=\"noreferrer noopener\">Acesse o arquivo da portaria<\/a><\/div><\/div>\n","protected":false},"excerpt":{"rendered":"<p>DDeessiiggnnaarr ppaarraa,, nnoo pprra\u00e1zzoo ddee 6600 ddiiaass,, compor CCoommiissss\u00e3\u00e3oo rreessppoonnss\u00e1\u00e1vveell ppeellua aapprreesseennttaa\u00e7\u00e7\u00e3\u00e3oo pprrooppoossttaa ddee rreegguullaammeennttaa\u00e7\u00e7\u00e3\u00e3oo ee ddiimmeennssiioomnaammeennttoo ddoo PPrrooggrraammaa BBoollssaa&#8211;SS\u00ea\u00eanniioorr nnoo \u00e2mbito ddaa Universidade FFeeddeerraall ddoo PPaarraann\u00e1d,, ooss sseerrvviiddoorreess aabbaarixxoo rreellaacciioonnaaddoos: . &#8211; EUL\u00c1LIA BATISTA DA SILVA &#8211; 121363. &#8211; M\u00c1RCIA PORTES SIM\u00d5ES &#8211; 125830. &#8211; ROSANE BIESCZAD PENTEADO &#8211; 62430. &#8211; SUELI VOZ &#8211; 81876.  {&#8220;height&#8221;:&#8221;15px&#8221;} <\/p>\n<div style=\"height:15px\" aria-hidden=\"true\" class=\"wp-block-spacer\"> <!-- \/wp:spacer  {\"layout\":{\"type\":\"flex\",\"justifyContent\":\"right\"}} \n\n<div class=\"wp-block-buttons\"><!-- wp:button {\"style\":{\"border\":{\"radius\":\"0px\"}},\"className\":\"is-style-outline\",\"fontSize\":\"small\"} \n\n<div class=\"wp-block-button has-custom-font-size is-style-outline has-small-font-size\"><a class=\"wp-block-button__link\" href=\"https:\/\/progepe.ufpr.br\/portarias\/wp-content\/u\n<\/p>\n","protected":false},"author":41,"featured_media":0,"comment_status":"closed","ping_status":"closed","sticky":false,"template":"wp-custom-template-emissao-entre-01-05-2004-ate-30-06-2017","format":"standard","meta":{"_acf_changed":false,"iawp_total_views":0,"footnotes":""},"categories":[232],"tags":[],"class_list":["post-242875","post","type-post","status-publish","format-standard","hentry","category-prhae"],"acf":[],"_links":{"self":[{"href":"https:\/\/progepe.ufpr.br\/portarias\/wp-json\/wp\/v2\/posts\/242875","targetHints":{"allow":["GET"]}}],"collection":[{"href":"https:\/\/progepe.ufpr.br\/portarias\/wp-json\/wp\/v2\/posts"}],"about":[{"href":"https:\/\/progepe.ufpr.br\/portarias\/wp-json\/wp\/v2\/types\/post"}],"author":[{"embeddable":true,"href":"https:\/\/progepe.ufpr.br\/portarias\/wp-json\/wp\/v2\/users\/41"}],"replies":[{"embeddable":true,"href":"https:\/\/progepe.ufpr.br\/portarias\/wp-json\/wp\/v2\/comments?post=242875"}],"version-history":[{"count":1,"href":"https:\/\/progepe.ufpr.br\/portarias\/wp-json\/wp\/v2\/posts\/242875\/revisions"}],"predecessor-version":[{"id":245581,"href":"https:\/\/progepe.ufpr.br\/portarias\/wp-json\/wp\/v2\/posts\/242875\/revisions\/245581"}],"wp:attachment":[{"href":"https:\/\/progepe.ufpr.br\/portarias\/wp-json\/wp\/v2\/media?parent=242875"}],"wp:term":[{"taxonomy":"category","embeddable":true,"href":"https:\/\/progepe.ufpr.br\/portarias\/wp-json\/wp\/v2\/categories?post=242875"},{"taxonomy":"post_tag","embeddable":true,"href":"https:\/\/progepe.ufpr.br\/portarias\/wp-json\/wp\/v2\/tags?post=242875"}],"curies":[{"name":"wp","href":"https:\/\/api.w.org\/{rel}","templated":true}]}}