{"id":242885,"date":"2003-10-08T10:01:00","date_gmt":"2003-10-08T13:01:00","guid":{"rendered":"http:\/\/progepe.ufpr.br\/portarias\/prhae-2003-03612\/"},"modified":"2023-09-05T09:33:38","modified_gmt":"2023-09-05T12:33:38","slug":"prhae-2003-03612","status":"publish","type":"post","link":"https:\/\/progepe.ufpr.br\/portarias\/prhae-2003-03612\/","title":{"rendered":"PORTARIA N\u00ba 03612\/PRHAE, DE 08 DE OUTUBRO DE 2003"},"content":{"rendered":"\n<p>O Pr\u00f3-Reitor ddee Recursos Humanos ee A\u00c1ssuntos Estudantis ddaa Universidade Federal ddoo Paran\u00e1, nnoo uussoo ddee sSuuaass aattrmibbuuii\u00e7\u00e7\u00f5\u00f5eess,, tteennddoo eemm vviissttaa aa compet\u00eancia qquuee llhhee \u00e9 \u00e9 conffeernida ppeellaa PPoorrttaarriiaa nn\u00ba\u00ba 22,,559900,, ddee 2266 ddee sseetteemmbbrroo ddee 11999977 ee ccoonnssiiddeerraannddoo oo que consta nnoo processo nn\u00ba\u00ba 2909673\/034-05,<\/p>\n\n\n<p><strong>RESOLVE:<\/strong><\/p>\n\n\n<p>Excluir, 2a ppaarrttiirr ddee 0O1l ddee julho ddee 2003, 0o adicional ddee lIansalubridade cormreessppoonnddente aaoo grau m\u00e9dio ddee 10 ((ddeezz ppoorr cceennttoo)),, \u00e0\u00e0 servidora CIRLENE DE OLIVEIRA POMBO SCHULTZ &#8211; 148407, ocupante ddoo ccaarrggoo ddee AAssssiisstteennttee SSoocciiaall,, lloottaaddaa nnaa Unidade ddee Movimenta\u00e7\u00e3o e\u00e9 Acompanhamento ddee PPeessssooaass ddaa CCoooorrddeenandaodroiar iaddee RReeccuurrssooss Humanaos.<\/p><p><\/p>\n\n\n<div style=\"height:15px\" aria-hidden=\"true\" class=\"wp-block-spacer\"><\/div>\n\n\n<div class=\"wp-block-buttons is-content-justification-right is-layout-flex wp-container-core-buttons-is-layout-1 wp-block-buttons-is-layout-flex\">\n<div class=\"wp-block-button has-custom-font-size is-style-outline has-small-font-size is-style-outline--1\"><a class=\"wp-block-button__link\" href=\"https:\/\/progepe.ufpr.br\/portarias\/wp-content\/uploads\/pcp\/PRHAE\/2003\/3612PR.pdf\" style=\"border-radius:0px\" target=\"_blank\" rel=\"noreferrer noopener\">Acesse o arquivo da portaria<\/a><\/div><\/div>\n","protected":false},"excerpt":{"rendered":"<p>Excluir, 2a ppaarrttiirr ddee 0O1l ddee julho ddee 2003, 0o adicional ddee lIansalubridade cormreessppoonnddente aaoo grau m\u00e9dio ddee 10 ((ddeezz ppoorr cceennttoo)),, \u00e0\u00e0 servidora CIRLENE DE OLIVEIRA POMBO SCHULTZ &#8211; 148407, ocupante ddoo ccaarrggoo ddee AAssssiisstteennttee SSoocciiaall,, lloottaaddaa nnaa Unidade ddee Movimenta\u00e7\u00e3o e\u00e9 Acompanhamento ddee PPeessssooaass ddaa CCoooorrddeenandaodroiar iaddee RReeccuurrssooss Humanaos.  {&#8220;height&#8221;:&#8221;15px&#8221;} <\/p>\n<div style=\"height:15px\" aria-hidden=\"true\" class=\"wp-block-spacer\"> <!-- \/wp:spacer  {\"layout\":{\"type\":\"flex\",\"justifyContent\":\"right\"}} \n\n<div class=\"wp-block-buttons\"><!-- wp:button {\"style\":{\"border\":{\"radius\":\"0px\"}},\"className\":\"is-style-outline\",\"fontSize\":\"small\"} \n\n<div class=\"wp-block-button has-custom-font-size is-style-outline has-small-font-size\"><a class=\"wp-block-button__link\" href=\"https:\/\/progepe.ufpr.br\/portarias\/wp-content\/uploads\/pcp\/PRHAE\/2003\/3612PR.pdf\" style=\"border-radius:0px\" target=\"_blank\" rel=\"noreferrer noopene\n<\/p>\n","protected":false},"author":41,"featured_media":0,"comment_status":"closed","ping_status":"closed","sticky":false,"template":"wp-custom-template-emissao-entre-01-05-2004-ate-30-06-2017","format":"standard","meta":{"_acf_changed":false,"iawp_total_views":0,"footnotes":""},"categories":[232],"tags":[],"class_list":["post-242885","post","type-post","status-publish","format-standard","hentry","category-prhae"],"acf":[],"_links":{"self":[{"href":"https:\/\/progepe.ufpr.br\/portarias\/wp-json\/wp\/v2\/posts\/242885","targetHints":{"allow":["GET"]}}],"collection":[{"href":"https:\/\/progepe.ufpr.br\/portarias\/wp-json\/wp\/v2\/posts"}],"about":[{"href":"https:\/\/progepe.ufpr.br\/portarias\/wp-json\/wp\/v2\/types\/post"}],"author":[{"embeddable":true,"href":"https:\/\/progepe.ufpr.br\/portarias\/wp-json\/wp\/v2\/users\/41"}],"replies":[{"embeddable":true,"href":"https:\/\/progepe.ufpr.br\/portarias\/wp-json\/wp\/v2\/comments?post=242885"}],"version-history":[{"count":1,"href":"https:\/\/progepe.ufpr.br\/portarias\/wp-json\/wp\/v2\/posts\/242885\/revisions"}],"predecessor-version":[{"id":245590,"href":"https:\/\/progepe.ufpr.br\/portarias\/wp-json\/wp\/v2\/posts\/242885\/revisions\/245590"}],"wp:attachment":[{"href":"https:\/\/progepe.ufpr.br\/portarias\/wp-json\/wp\/v2\/media?parent=242885"}],"wp:term":[{"taxonomy":"category","embeddable":true,"href":"https:\/\/progepe.ufpr.br\/portarias\/wp-json\/wp\/v2\/categories?post=242885"},{"taxonomy":"post_tag","embeddable":true,"href":"https:\/\/progepe.ufpr.br\/portarias\/wp-json\/wp\/v2\/tags?post=242885"}],"curies":[{"name":"wp","href":"https:\/\/api.w.org\/{rel}","templated":true}]}}