{"id":242894,"date":"2003-10-09T10:00:00","date_gmt":"2003-10-09T13:00:00","guid":{"rendered":"http:\/\/progepe.ufpr.br\/portarias\/prhae-2003-03621\/"},"modified":"2003-10-09T10:00:00","modified_gmt":"2003-10-09T13:00:00","slug":"prhae-2003-03621","status":"publish","type":"post","link":"https:\/\/progepe.ufpr.br\/portarias\/prhae-2003-03621\/","title":{"rendered":"PORTARIA N\u00ba 03621\/PRHAE, DE 09 DE OUTUBRO DE 2003"},"content":{"rendered":"\n<p>O Pr\u00f3-Reitor ddee Recursos Humanos \u20ace Assuntos EEssttuuddaannttiiss ddaa Universidade FFeeddeerraall ddoo Paran\u00e1, nnoo uussoo ddee suas atribui\u00e7\u00f5es, ltendo em vviissttaa aa compet\u00eancia que Ilhhee \u00e9\u00e9 conferida ppeellaa PEoorrttaarriiaa nn\u00ba\u00ba 22,.559900,, ddee 2266 ddee sseetteemmbbrroo ddee 11999977 &#038;e oo ccoonnttiiddoo nnoo processo nn\u00ba\u00ba 4444 773306\/0\/0033&#8211;2284,<\/p>\n\n\n<p><strong>RESOLVE:<\/strong><\/p>\n\n\n<p>EExxoo\u00f3mneerraarr,, \u00e0\u00e0 ppaarrttiirr ddee 0033 ddees oouuttuubbrroo ddee 22000033,, aa sseerrvviiddoorra NORMA DE F\u00c1TIMA CORDEIRO &#8211; 82120, Assistente em Admrinistra\u00e7\u00e3o, do cargo de confian\u00e7a de Sescret\u00e1rio da Coordena\u00e7\u00e3o do Curso de Matem\u00e1tica, FG-05, do Setor de Ci\u00eancias Exatas.<\/p><p><\/p>\n\n\n<div style=\"height:15px\" aria-hidden=\"true\" class=\"wp-block-spacer\"><\/div>\n\n\n<div class=\"wp-block-buttons is-content-justification-right is-layout-flex wp-container-core-buttons-is-layout-1 wp-block-buttons-is-layout-flex\">\n<div class=\"wp-block-button has-custom-font-size is-style-outline has-small-font-size is-style-outline--1\"><a class=\"wp-block-button__link\" href=\"https:\/\/progepe.ufpr.br\/portarias\/wp-content\/uploads\/pcp\/PRHAE\/2003\/3621PR.pdf\" style=\"border-radius:0px\" target=\"_blank\" rel=\"noreferrer noopener\">Acesse o arquivo da portaria<\/a><\/div><\/div>\n","protected":false},"excerpt":{"rendered":"<p>EExxoo\u00f3mneerraarr,, \u00e0\u00e0 ppaarrttiirr ddee 0033 ddees oouuttuubbrroo ddee 22000033,, aa sseerrvviiddoorra NORMA DE F\u00c1TIMA CORDEIRO &#8211; 82120, Assistente em Admrinistra\u00e7\u00e3o, do cargo de confian\u00e7a de Sescret\u00e1rio da Coordena\u00e7\u00e3o do Curso de Matem\u00e1tica, FG-05, do Setor de Ci\u00eancias Exatas.  {&#8220;height&#8221;:&#8221;15px&#8221;} <\/p>\n<div style=\"height:15px\" aria-hidden=\"true\" class=\"wp-block-spacer\"> <!-- \/wp:spacer  {\"layout\":{\"type\":\"flex\",\"justifyContent\":\"right\"}} \n\n<div class=\"wp-block-buttons\"><!-- wp:button {\"style\":{\"border\":{\"radius\":\"0px\"}},\"className\":\"is-style-outline\",\"fontSize\":\"small\"} \n\n<div class=\"wp-block-button has-custom-font-size is-style-outline has-small-font-size\"><a class=\"wp-block-button__link\" href=\"https:\/\/progepe.ufpr.br\/portarias\/wp-content\/uploads\/pcp\/PRHAE\/2003\/3621PR.pdf\" style=\"border-radius:0px\" target=\"_blank\" rel=\"noreferrer noopener\">Acesse o arquivo da portaria<\/a><!-- \/wp:button <!-- \/wp:buttons\n<\/p>\n","protected":false},"author":41,"featured_media":0,"comment_status":"closed","ping_status":"closed","sticky":false,"template":"wp-custom-template-emissao-entre-01-05-2004-ate-30-06-2017","format":"standard","meta":{"_acf_changed":false,"iawp_total_views":0,"footnotes":""},"categories":[232],"tags":[],"class_list":["post-242894","post","type-post","status-publish","format-standard","hentry","category-prhae"],"acf":[],"_links":{"self":[{"href":"https:\/\/progepe.ufpr.br\/portarias\/wp-json\/wp\/v2\/posts\/242894","targetHints":{"allow":["GET"]}}],"collection":[{"href":"https:\/\/progepe.ufpr.br\/portarias\/wp-json\/wp\/v2\/posts"}],"about":[{"href":"https:\/\/progepe.ufpr.br\/portarias\/wp-json\/wp\/v2\/types\/post"}],"author":[{"embeddable":true,"href":"https:\/\/progepe.ufpr.br\/portarias\/wp-json\/wp\/v2\/users\/41"}],"replies":[{"embeddable":true,"href":"https:\/\/progepe.ufpr.br\/portarias\/wp-json\/wp\/v2\/comments?post=242894"}],"version-history":[{"count":0,"href":"https:\/\/progepe.ufpr.br\/portarias\/wp-json\/wp\/v2\/posts\/242894\/revisions"}],"wp:attachment":[{"href":"https:\/\/progepe.ufpr.br\/portarias\/wp-json\/wp\/v2\/media?parent=242894"}],"wp:term":[{"taxonomy":"category","embeddable":true,"href":"https:\/\/progepe.ufpr.br\/portarias\/wp-json\/wp\/v2\/categories?post=242894"},{"taxonomy":"post_tag","embeddable":true,"href":"https:\/\/progepe.ufpr.br\/portarias\/wp-json\/wp\/v2\/tags?post=242894"}],"curies":[{"name":"wp","href":"https:\/\/api.w.org\/{rel}","templated":true}]}}