{"id":242898,"date":"2003-10-09T10:04:00","date_gmt":"2003-10-09T13:04:00","guid":{"rendered":"http:\/\/progepe.ufpr.br\/portarias\/prhae-2003-03625\/"},"modified":"2023-09-05T09:33:38","modified_gmt":"2023-09-05T12:33:38","slug":"prhae-2003-03625","status":"publish","type":"post","link":"https:\/\/progepe.ufpr.br\/portarias\/prhae-2003-03625\/","title":{"rendered":"PORTARIA N\u00ba 03625\/PRHAE, DE 09 DE OUTUBRO DE 2003"},"content":{"rendered":"\n<p>O Pr\u00f3-Reitor ddee Recursos Humanos ee A\u00c1ssuntos Estudantis da Universidade Federal do Paran\u00e1, no uso ddee Ssuas atribui\u00e7\u00f5es, tendo em vista a a compet\u00eancia que lhe \u00e9\u00e9 conferida ppeellaa Portaria nn\u00ba\u00ba 2.590, ddee 26 ddee setembro ddee 19977,, consitderando oo qquuee ccoonnssttaa nnoo aarrttiiggoo 1166,, i\u00ednncciissoo [[]1 ddoo DDeeccrreettoo nn\u00ba\u00ba 94,664\/87, aarrttiiggoo 1[22,, titteemm E1,, ddaa PPoorrttaarriiaa nn\u00ba\u00ba 4477558\/\/8877&#8211;MMEECC,, \u00e9e aaiinnddaa O6 ccoonnttiiddao nnoo pprroocceesssseo nn\u00ba\u00ba 3333669999;\/\/0033&#8211;1144,,<\/p>\n\n\n<p><strong>RESOLVE:<\/strong><\/p>\n\n\n<p>E[.. Conceder progress\u00e3o funcional ao Professor PAULO ROBERTO NEVES COSTA &#8211; 126284, lotado no Departamento de Ci\u00eancias Sociais do Setor de Ci\u00eancias Humanas, Leturaass e Artes, do n\u00edvel I1l da classe Assist\u00eaente para o n\u00edvel 11 da classe Adjunto, a ppaarrttiirr ddee 3300 ddee jjuullhhoo ddee 23000033,, tteennddoo em vviissttaa tteerr oobbtniiddoo oo tt\u00ed\u00edttuulloo ddee Doutor em CCii\u00ea\u00eanncciiaass SSoocciiaaiiss..<\/p><p> 1H.1 Conceder acr\u00e9\u00f3scimo salarial, de acordo com oo anrigo 1\u00ba., &#038;$ \u00ba1\u00ba,, aall\u00edinnceaa a ddaa LLeeii nn\u00ba\u00ba 8.243\/91], aa ppaarrttiirr ddaa mmeessmna ddaattaa,, aaoo nreeffeerriiddoo ddoocceennttee.<\/p><p><\/p>\n\n\n<div style=\"height:15px\" aria-hidden=\"true\" class=\"wp-block-spacer\"><\/div>\n\n\n<div class=\"wp-block-buttons is-content-justification-right is-layout-flex wp-container-core-buttons-is-layout-1 wp-block-buttons-is-layout-flex\">\n<div class=\"wp-block-button has-custom-font-size is-style-outline has-small-font-size is-style-outline--1\"><a class=\"wp-block-button__link\" href=\"https:\/\/progepe.ufpr.br\/portarias\/wp-content\/uploads\/pcp\/PRHAE\/2003\/3625PR.pdf\" style=\"border-radius:0px\" target=\"_blank\" rel=\"noreferrer noopener\">Acesse o arquivo da portaria<\/a><\/div><\/div>\n","protected":false},"excerpt":{"rendered":"<p>E[.. Conceder progress\u00e3o funcional ao Professor PAULO ROBERTO NEVES COSTA &#8211; 126284, lotado no Departamento de Ci\u00eancias Sociais do Setor de Ci\u00eancias Humanas, Leturaass e Artes, do n\u00edvel I1l da classe Assist\u00eaente para o n\u00edvel 11 da classe Adjunto, a ppaarrttiirr ddee 3300 ddee jjuullhhoo ddee 23000033,, tteennddoo em vviissttaa tteerr oobbtniiddoo oo tt\u00ed\u00edttuulloo ddee Doutor em CCii\u00ea\u00eanncciiaass SSoocciiaaiiss.. 1H.1 Conceder acr\u00e9\u00f3scimo salarial, de acordo com oo anrigo 1\u00ba., &#038;$ \u00ba1\u00ba,, aall\u00edinnceaa a ddaa LLeeii nn\u00ba\u00ba 8.243\/91], aa ppaarrttiirr ddaa mmeessmna ddaattaa,, aaoo nreeffeerriiddoo ddoocceennttee.  {&#8220;height&#8221;:&#8221;15px&#8221;} <\/p>\n<div style=\"height:15px\" aria-hidden=\"true\" class=\"wp-block-spacer\"> <!-- \/wp:spacer  {\"layout\":{\"type\":\"flex\",\"justifyContent\":\"right\"}} \n\n<div class=\"wp-block-buttons\"><!-- wp:button\n<\/p>\n","protected":false},"author":41,"featured_media":0,"comment_status":"closed","ping_status":"closed","sticky":false,"template":"wp-custom-template-emissao-entre-01-05-2004-ate-30-06-2017","format":"standard","meta":{"_acf_changed":false,"iawp_total_views":0,"footnotes":""},"categories":[232],"tags":[],"class_list":["post-242898","post","type-post","status-publish","format-standard","hentry","category-prhae"],"acf":[],"_links":{"self":[{"href":"https:\/\/progepe.ufpr.br\/portarias\/wp-json\/wp\/v2\/posts\/242898","targetHints":{"allow":["GET"]}}],"collection":[{"href":"https:\/\/progepe.ufpr.br\/portarias\/wp-json\/wp\/v2\/posts"}],"about":[{"href":"https:\/\/progepe.ufpr.br\/portarias\/wp-json\/wp\/v2\/types\/post"}],"author":[{"embeddable":true,"href":"https:\/\/progepe.ufpr.br\/portarias\/wp-json\/wp\/v2\/users\/41"}],"replies":[{"embeddable":true,"href":"https:\/\/progepe.ufpr.br\/portarias\/wp-json\/wp\/v2\/comments?post=242898"}],"version-history":[{"count":1,"href":"https:\/\/progepe.ufpr.br\/portarias\/wp-json\/wp\/v2\/posts\/242898\/revisions"}],"predecessor-version":[{"id":245602,"href":"https:\/\/progepe.ufpr.br\/portarias\/wp-json\/wp\/v2\/posts\/242898\/revisions\/245602"}],"wp:attachment":[{"href":"https:\/\/progepe.ufpr.br\/portarias\/wp-json\/wp\/v2\/media?parent=242898"}],"wp:term":[{"taxonomy":"category","embeddable":true,"href":"https:\/\/progepe.ufpr.br\/portarias\/wp-json\/wp\/v2\/categories?post=242898"},{"taxonomy":"post_tag","embeddable":true,"href":"https:\/\/progepe.ufpr.br\/portarias\/wp-json\/wp\/v2\/tags?post=242898"}],"curies":[{"name":"wp","href":"https:\/\/api.w.org\/{rel}","templated":true}]}}