{"id":242910,"date":"2003-10-13T10:06:00","date_gmt":"2003-10-13T13:06:00","guid":{"rendered":"http:\/\/progepe.ufpr.br\/portarias\/prhae-2003-03637\/"},"modified":"2024-02-27T13:47:59","modified_gmt":"2024-02-27T16:47:59","slug":"prhae-2003-03637","status":"publish","type":"post","link":"https:\/\/progepe.ufpr.br\/portarias\/prhae-2003-03637\/","title":{"rendered":"PORTARIA N\u00ba 03637\/PRHAE, DE 13 DE OUTUBRO DE 2003"},"content":{"rendered":"\n<p style=\"padding-left:43%\">O Pr\u00f3-Reitor de Recursos Humanos e Assuntos Estudantis da Universidade Federal do Paran\u00e1, no uso de suas atribui\u00e7\u00f5es, tendo em vista a compet\u00eancia que lhe \u00e9 conferida pela Portaria n\u00ba 2.590, de 26 de setembro de 1997, considerando o que consta no artigo 9\u00ba, inciso II da Lei n\u00ba 8.112\/90 e o contido no processo n\u00ba 42523\/03-07,<\/p>\n\n\n\n<p style=\"padding-left:43%\"><strong>RESOLVE:<\/strong><\/p>\n\n\n\n<p>I. Exonerar, a partir de 26 de setembro de 2003, o servidor MARCOS VENZEL MESSIAS &#8211; 123404, Assistente em Administra\u00e7\u00e3o, do cargo de confian\u00e7a de Chefe dos Servi\u00e7os Administrativos dos Espa\u00e7os Culturais, FG-04, da Pr\u00f3-Reitoria de Extens\u00e3o e Cultura.<\/p>\n\n\n\n<p>II. Nomear, a partir da mesma data, o citado servidor para exercer o cargo de confian\u00e7a de Chefe da Unidade de Programa\u00e7\u00e3o Cultural, FG-03, da Pr\u00f3-Reitoria de Extens\u00e3o e Cultura, autorizado pela Medida Provis\u00f3ria n\u00ba 1.534\/96, regulamentada pela Portaria Interministerial n\u00ba 1.407\/96-MEC\/MARE.<\/p>\n\n\n\n<p>III. O citado servidor cumprir\u00e1, obrigatoriamente, o regime de trabalho de tempo integral, de acordo com o disposto no \u00a7 5\u00ba, artigo 1\u00ba da Lei n\u00ba 8.168\/91.<\/p>\n","protected":false},"excerpt":{"rendered":"<p>I. Exonerar, a partir de 26 de setembro de 2003, o servidor MARCOS VENZEL MESSIAS &#8211; 123404, Assistente em Administra\u00e7\u00e3o, do cargo de confian\u00e7a de Chefe dos Servi\u00e7os Administrativos dos Espa\u00e7os Culturais, FG-04, da Pr\u00f3-Reitoria de Extens\u00e3o e Cultura.  II. Nomear, a partir da mesma data, o citado servidor para exercer o cargo de confian\u00e7a de Chefe da Unidade de Programa\u00e7\u00e3o Cultural, FG-03, da Pr\u00f3-Reitoria de Extens\u00e3o e Cultura, autorizado pela Medida Provis\u00f3ria n\u00ba 1.534\/96, regulamentada pela Portaria Interministerial n\u00ba 1.407\/96-MEC\/MARE.  III. O citado servidor cumprir\u00e1, obrigatoriamente, o regime de trabalho de tempo integral, de acordo<\/p>\n","protected":false},"author":41,"featured_media":0,"comment_status":"closed","ping_status":"closed","sticky":false,"template":"","format":"standard","meta":{"_acf_changed":false,"iawp_total_views":0,"footnotes":""},"categories":[232],"tags":[120],"class_list":["post-242910","post","type-post","status-publish","format-standard","hentry","category-prhae","tag-funcao"],"acf":[],"_links":{"self":[{"href":"https:\/\/progepe.ufpr.br\/portarias\/wp-json\/wp\/v2\/posts\/242910","targetHints":{"allow":["GET"]}}],"collection":[{"href":"https:\/\/progepe.ufpr.br\/portarias\/wp-json\/wp\/v2\/posts"}],"about":[{"href":"https:\/\/progepe.ufpr.br\/portarias\/wp-json\/wp\/v2\/types\/post"}],"author":[{"embeddable":true,"href":"https:\/\/progepe.ufpr.br\/portarias\/wp-json\/wp\/v2\/users\/41"}],"replies":[{"embeddable":true,"href":"https:\/\/progepe.ufpr.br\/portarias\/wp-json\/wp\/v2\/comments?post=242910"}],"version-history":[{"count":5,"href":"https:\/\/progepe.ufpr.br\/portarias\/wp-json\/wp\/v2\/posts\/242910\/revisions"}],"predecessor-version":[{"id":254565,"href":"https:\/\/progepe.ufpr.br\/portarias\/wp-json\/wp\/v2\/posts\/242910\/revisions\/254565"}],"wp:attachment":[{"href":"https:\/\/progepe.ufpr.br\/portarias\/wp-json\/wp\/v2\/media?parent=242910"}],"wp:term":[{"taxonomy":"category","embeddable":true,"href":"https:\/\/progepe.ufpr.br\/portarias\/wp-json\/wp\/v2\/categories?post=242910"},{"taxonomy":"post_tag","embeddable":true,"href":"https:\/\/progepe.ufpr.br\/portarias\/wp-json\/wp\/v2\/tags?post=242910"}],"curies":[{"name":"wp","href":"https:\/\/api.w.org\/{rel}","templated":true}]}}