{"id":242911,"date":"2003-10-13T10:07:00","date_gmt":"2003-10-13T13:07:00","guid":{"rendered":"http:\/\/progepe.ufpr.br\/portarias\/prhae-2003-03638\/"},"modified":"2023-09-05T09:33:39","modified_gmt":"2023-09-05T12:33:39","slug":"prhae-2003-03638","status":"publish","type":"post","link":"https:\/\/progepe.ufpr.br\/portarias\/prhae-2003-03638\/","title":{"rendered":"PORTARIA N\u00ba 03638\/PRHAE, DE 13 DE OUTUBRO DE 2003"},"content":{"rendered":"\n<p>O Pr\u00f3-Reitor ddee Recursos Humanos ee Assuntos Estiudantis da Universidade Federal do Paran\u00e1, no uso de ssuuaass aattrriibbuuii\u00e7\u00e7\u00f5\u00f5eess,, lteennddoo eemm vviisstaa aa ccoommppeett\u00ea\u00eanncciiaa qquuee Mlhhee \u00c9\u00e9 ccoonnffeerriiddaa ppeellaa PPaorrttaarriiaa nn\u00ba\u00ba 22..55990,, ddee 2266 ddee sseetteemmbbrroo ddee. 11999977 ee ccoonnssiiddeerraannddoo oo que consta no processo n\u00ba 3838229\/\/0033&#8211;65,<\/p>\n\n\n<p><strong>RESOLVE:<\/strong><\/p>\n\n\n<p>Concaeder aappoosseennttaaddoorriiaa vvoolluunntt\u00e1irriiaa iinntteeggrraall ppoorr tempo ddee contriibbuuii\u00e7\u00e3o eeimm MMaaggiisstt\u00e9\u00e9rriioo,, nnooss termosddo o AArmt.. 88\u00ba\u00ba &#038;$ 44\u00ba\u00ba ddaa EEmmeennddaa CCoonnssttiittuucciioonnaall nn\u00ba\u00ba 20\/098\/, 9\u00e0\u00e0 6ddo8occee,nntt e CLORIS DITZEL FARACO &#8211; 70467, lotada no Departamento de Biocloigia Celular do Setaor de CC\u00ealn\u00eacnciiaass EBiol\u00f3gicas, ocupante da categoria funcional de Magist\u00e9rio Superior, classe de Professor Adjunto, n\u00edvel 1TVy, com BDoutorado, no regime de 40 (quarenta) horas semanais, com Dedica\u00e7\u00e3o Exclusiva, cvoomn oo vveenncciimmeennttoo ddoo mmeenncciioonnaaddoo ccaarrggoo,, mmaaiiss a2 ggrraattiiffiiccaa\u00e7\u00e7\u00e3\u00e3oo ddee aattiivviiddaaddee,, iinnssttiittuu\u00ed\u00edddaa ppeellaa LLeeii Delegada n\u00ba 13\/92, calculada sobre oo vencimento b\u00e1sico, mais a\u00e0 gratifica\u00e7\u00e3o adicional por tempo de sseerrvvii\u00e7\u00e7oo,, pprreevviissttaa nnoo AAnrtt.. 6677 ddaa LLeeii nn\u00ba\u00ba 8E..111122\/\/9900,, nnoo \u00ed\u00ednnddiiccee ddee 1188 ((ddeezzootittoo ppoorr cceennttoo)),, mmuaaiiss u\u00e0 Vantagem Pecuni\u00e1ria Ilnodividual, institu\u00edda pela lLei n\u00ba 10.69988\/003, publicada no DOU de 0033..0077..22006033,, maiis s a a Vantaaggeem PPeessssooaall ddoo AArrtt.. 6622 ddaa LLeeii nn\u00ba\u00ba 8$ .111122\/\/9200,, eoriggini\u00e1nr\u00e1iar iaddaa inccoorproproa\u00e7r\u00e3ao\u00e7 \u00e3nnooss teerrmmuos do Art. 43\u00ba \u00e0\u00e0 1H1\u00ba 1daa\u00ba LL eeii n\u00ba B8.99111\/\/994, Lei n\u00ba 9.5927\/97e e Lei n\u00ba G9.624\/098, CcUoTrRrEeSsppoonnNddente 3a5s tfra\u00e7\u00f5es ddee d\u00e9cimos equivalente aa 2\/10 ((dduoiiss d\u00f3\u00e9crimos) da Fun\u00e7\u00e3o Gratificada, oc\u00f3diagno FCG-OL, mais 441100 ((qquuaattrroo dd\u00e9\u00e9cciimmooss)) ddaa FFuunn\u00e7\u00e7\u00e3\u00e3oo GGrraattiiffiiccaaddaa,, cc\u00f3\u00f3ddiiggoo EFGG-OO44,, mmaaiiss oo ppeerrcceennttuuaall ddee \/ 33,,1177 inncoorrppooraido ccoonitornme Senten\u00e7a TJJuuddiicciiaall prroofefreidrai deaemm A\u00e7\u00e3o Ordin\u00e1ria nn\u00ba\u00ba 99,.0000.500,057-000 7ddaa- 022 \u00ba? Vara CCiivviill FFeeddeeranld ddeessttaa CCaappiittaall, , mmaaims a\u00e0 ggrraattiiffiiccaa\u00e7\u00e7\u00e3\u00e3oo ddee eesstt\u00ed\u00edmnuulloo aa ddoocc\u00ea\u00eanncciiaa iinnsstti\u00edttuo\u00ed\u00edddaa ppeellaa LLeeii nn\u00ba\u00ba 9,6677881\/98.<\/p><p><\/p>\n\n\n<div style=\"height:15px\" aria-hidden=\"true\" class=\"wp-block-spacer\"><\/div>\n\n\n<div class=\"wp-block-buttons is-content-justification-right is-layout-flex wp-container-core-buttons-is-layout-1 wp-block-buttons-is-layout-flex\">\n<div class=\"wp-block-button has-custom-font-size is-style-outline has-small-font-size is-style-outline--1\"><a class=\"wp-block-button__link\" href=\"https:\/\/progepe.ufpr.br\/portarias\/wp-content\/uploads\/pcp\/PRHAE\/2003\/3638PR.pdf\" style=\"border-radius:0px\" target=\"_blank\" rel=\"noreferrer noopener\">Acesse o arquivo da portaria<\/a><\/div><\/div>\n","protected":false},"excerpt":{"rendered":"<p>Concaeder aappoosseennttaaddoorriiaa vvoolluunntt\u00e1irriiaa iinntteeggrraall ppoorr tempo ddee contriibbuuii\u00e7\u00e3o eeimm MMaaggiisstt\u00e9\u00e9rriioo,, nnooss termosddo o AArmt.. 88\u00ba\u00ba &#038;$ 44\u00ba\u00ba ddaa EEmmeennddaa CCoonnssttiittuucciioonnaall nn\u00ba\u00ba 20\/098\/, 9\u00e0\u00e0 6ddo8occee,nntt e CLORIS DITZEL FARACO &#8211; 70467, lotada no Departamento de Biocloigia Celular do Setaor de CC\u00ealn\u00eacnciiaass EBiol\u00f3gicas, ocupante da categoria funcional de Magist\u00e9rio Superior, classe de Professor Adjunto, n\u00edvel 1TVy, com BDoutorado, no regime de 40 (quarenta) horas semanais, com Dedica\u00e7\u00e3o Exclusiva, cvoomn oo vveenncciimmeennttoo ddoo mmeenncciioonnaaddoo ccaarrggoo,, mmaaiiss a2 ggrraattiiffiiccaa\u00e7\u00e7\u00e3\u00e3oo ddee aattiivviiddaaddee,, iinnssttiittuu\u00ed\u00edddaa ppeellaa LLeeii Delegada n\u00ba 13\/92, calculada sobre oo vencimento b\u00e1sico, mais a\u00e0 gratifica\u00e7\u00e3o adicional por tempo de sseerrvvii\u00e7\u00e7oo,, pprreevviissttaa nnoo<\/p>\n","protected":false},"author":41,"featured_media":0,"comment_status":"closed","ping_status":"closed","sticky":false,"template":"wp-custom-template-emissao-entre-01-05-2004-ate-30-06-2017","format":"standard","meta":{"_acf_changed":false,"iawp_total_views":0,"footnotes":""},"categories":[232],"tags":[],"class_list":["post-242911","post","type-post","status-publish","format-standard","hentry","category-prhae"],"acf":[],"_links":{"self":[{"href":"https:\/\/progepe.ufpr.br\/portarias\/wp-json\/wp\/v2\/posts\/242911","targetHints":{"allow":["GET"]}}],"collection":[{"href":"https:\/\/progepe.ufpr.br\/portarias\/wp-json\/wp\/v2\/posts"}],"about":[{"href":"https:\/\/progepe.ufpr.br\/portarias\/wp-json\/wp\/v2\/types\/post"}],"author":[{"embeddable":true,"href":"https:\/\/progepe.ufpr.br\/portarias\/wp-json\/wp\/v2\/users\/41"}],"replies":[{"embeddable":true,"href":"https:\/\/progepe.ufpr.br\/portarias\/wp-json\/wp\/v2\/comments?post=242911"}],"version-history":[{"count":1,"href":"https:\/\/progepe.ufpr.br\/portarias\/wp-json\/wp\/v2\/posts\/242911\/revisions"}],"predecessor-version":[{"id":245613,"href":"https:\/\/progepe.ufpr.br\/portarias\/wp-json\/wp\/v2\/posts\/242911\/revisions\/245613"}],"wp:attachment":[{"href":"https:\/\/progepe.ufpr.br\/portarias\/wp-json\/wp\/v2\/media?parent=242911"}],"wp:term":[{"taxonomy":"category","embeddable":true,"href":"https:\/\/progepe.ufpr.br\/portarias\/wp-json\/wp\/v2\/categories?post=242911"},{"taxonomy":"post_tag","embeddable":true,"href":"https:\/\/progepe.ufpr.br\/portarias\/wp-json\/wp\/v2\/tags?post=242911"}],"curies":[{"name":"wp","href":"https:\/\/api.w.org\/{rel}","templated":true}]}}