{"id":242915,"date":"2003-10-14T10:09:00","date_gmt":"2003-10-14T13:09:00","guid":{"rendered":"http:\/\/progepe.ufpr.br\/portarias\/prhae-2003-03649\/"},"modified":"2023-09-05T09:33:39","modified_gmt":"2023-09-05T12:33:39","slug":"prhae-2003-03649","status":"publish","type":"post","link":"https:\/\/progepe.ufpr.br\/portarias\/prhae-2003-03649\/","title":{"rendered":"PORTARIA N\u00ba 03649\/PRHAE, DE 14 DE OUTUBRO DE 2003"},"content":{"rendered":"\n<p>O Pr\u00f3-Reitor de Recursos Humanos ee \u00c1Assuntos Estudantis ddaa Universidade Federal do Paran\u00e1, nnoo uussoo ddee ssuuaass atribui\u00e7\u00f5es, tendo em vviissttaa a\u00e0 compet\u00eancia que llhhee \u00e9\u00e9 conttfeerriida pela Portaria nn\u00ba\u00ba 2,55990, ddee 26 ddee setembro ddee 1997 ee oo que consta nnooss termos dos artigos 215 aa 225, ddaa LLeeii nn\u00ba\u00ba\u00ba 8,11,2\/910 1ee c2ons\/ideMran do oo que consta no processo n\u00ba 31484\/03-87,<\/p>\n\n\n<p><strong>RESOLVE:<\/strong><\/p>\n\n\n<p>Conceder, aa ppaarrttiirr ddee 0011 ddee outubro ddee 22000033,, \u00e0\u00e0 senhora ISABEL CRISTINA MAFRA MAGALH\u00c3ES MONTEIRO, nnooss tteerrmmooss ddoo AArrtt.. 55\u00ba\u00ba,, &#038;$ \u00fa\u00fanniiccoo,, ddaa LLeeii nn\u00ba\u00ba 3373 de 12.03.58, combinada com aa lLeit n\u00ba 6782 de 19,.05.80, \u00e0a cota parte da pens\u00e3o tempor\u00e1ria institu\u00edda aa partir de 0O1.09.87, pelo falecimento do Professor OSCAR SANCHES MONTEIRO &#8211; 34908, desta Universidade, IPASE n\u00ba L11L61\/62\/-24-04044..083.<\/p><p><\/p>\n\n\n<div style=\"height:15px\" aria-hidden=\"true\" class=\"wp-block-spacer\"><\/div>\n\n\n<div class=\"wp-block-buttons is-content-justification-right is-layout-flex wp-container-core-buttons-is-layout-1 wp-block-buttons-is-layout-flex\">\n<div class=\"wp-block-button has-custom-font-size is-style-outline has-small-font-size is-style-outline--1\"><a class=\"wp-block-button__link\" href=\"https:\/\/progepe.ufpr.br\/portarias\/wp-content\/uploads\/pcp\/PRHAE\/2003\/3649PR.pdf\" style=\"border-radius:0px\" target=\"_blank\" rel=\"noreferrer noopener\">Acesse o arquivo da portaria<\/a><\/div><\/div>\n","protected":false},"excerpt":{"rendered":"<p>Conceder, aa ppaarrttiirr ddee 0011 ddee outubro ddee 22000033,, \u00e0\u00e0 senhora ISABEL CRISTINA MAFRA MAGALH\u00c3ES MONTEIRO, nnooss tteerrmmooss ddoo AArrtt.. 55\u00ba\u00ba,, &#038;$ \u00fa\u00fanniiccoo,, ddaa LLeeii nn\u00ba\u00ba 3373 de 12.03.58, combinada com aa lLeit n\u00ba 6782 de 19,.05.80, \u00e0a cota parte da pens\u00e3o tempor\u00e1ria institu\u00edda aa partir de 0O1.09.87, pelo falecimento do Professor OSCAR SANCHES MONTEIRO &#8211; 34908, desta Universidade, IPASE n\u00ba L11L61\/62\/-24-04044..083.  {&#8220;height&#8221;:&#8221;15px&#8221;} <\/p>\n<div style=\"height:15px\" aria-hidden=\"true\" class=\"wp-block-spacer\"> <!-- \/wp:spacer  {\"layout\":{\"type\":\"flex\",\"justifyContent\":\"right\"}} \n\n<div class=\"wp-block-buttons\"><!-- wp:button {\"style\":{\"border\":{\"radius\":\"0px\"}},\"className\":\"is-style-outline\",\"fontSize\":\"small\"} \n\n<div class=\"wp-block-button has-custom-font-size is-style-outline has-small-font-size\"><a class=\"wp-block-button__link\" href=\"https:\/\/progepe.ufpr.br\/portarias\/wp-content\/uploads\/pcp\/PRHAE\/2003\/3649PR.pdf\" style=\"border-radius:0px\" target=\"_blank\" rel=\"noreferrer no\n<\/p>\n","protected":false},"author":41,"featured_media":0,"comment_status":"closed","ping_status":"closed","sticky":false,"template":"wp-custom-template-emissao-entre-01-05-2004-ate-30-06-2017","format":"standard","meta":{"_acf_changed":false,"iawp_total_views":2,"footnotes":""},"categories":[232],"tags":[],"class_list":["post-242915","post","type-post","status-publish","format-standard","hentry","category-prhae"],"acf":[],"_links":{"self":[{"href":"https:\/\/progepe.ufpr.br\/portarias\/wp-json\/wp\/v2\/posts\/242915","targetHints":{"allow":["GET"]}}],"collection":[{"href":"https:\/\/progepe.ufpr.br\/portarias\/wp-json\/wp\/v2\/posts"}],"about":[{"href":"https:\/\/progepe.ufpr.br\/portarias\/wp-json\/wp\/v2\/types\/post"}],"author":[{"embeddable":true,"href":"https:\/\/progepe.ufpr.br\/portarias\/wp-json\/wp\/v2\/users\/41"}],"replies":[{"embeddable":true,"href":"https:\/\/progepe.ufpr.br\/portarias\/wp-json\/wp\/v2\/comments?post=242915"}],"version-history":[{"count":1,"href":"https:\/\/progepe.ufpr.br\/portarias\/wp-json\/wp\/v2\/posts\/242915\/revisions"}],"predecessor-version":[{"id":245623,"href":"https:\/\/progepe.ufpr.br\/portarias\/wp-json\/wp\/v2\/posts\/242915\/revisions\/245623"}],"wp:attachment":[{"href":"https:\/\/progepe.ufpr.br\/portarias\/wp-json\/wp\/v2\/media?parent=242915"}],"wp:term":[{"taxonomy":"category","embeddable":true,"href":"https:\/\/progepe.ufpr.br\/portarias\/wp-json\/wp\/v2\/categories?post=242915"},{"taxonomy":"post_tag","embeddable":true,"href":"https:\/\/progepe.ufpr.br\/portarias\/wp-json\/wp\/v2\/tags?post=242915"}],"curies":[{"name":"wp","href":"https:\/\/api.w.org\/{rel}","templated":true}]}}