{"id":242926,"date":"2003-10-14T10:20:00","date_gmt":"2003-10-14T13:20:00","guid":{"rendered":"http:\/\/progepe.ufpr.br\/portarias\/prhae-2003-03660\/"},"modified":"2023-09-05T09:33:39","modified_gmt":"2023-09-05T12:33:39","slug":"prhae-2003-03660","status":"publish","type":"post","link":"https:\/\/progepe.ufpr.br\/portarias\/prhae-2003-03660\/","title":{"rendered":"PORTARIA N\u00ba 03660\/PRHAE, DE 14 DE OUTUBRO DE 2003"},"content":{"rendered":"\n<p>O Pr\u00f3-Reitor de Recursos Humanos e\u20ac Assuntos Estudantis da Universidade Federal do Paran\u00e1\u00fa, no uussoo ddee sSuas atribui\u00e7\u00f5es, tendo em vista \u00e0a compeellt\u00ea\u00eanncia que Ilbhe \u00e9 \u00e9 conferida ppeellaa PPoorrttaarriiaa nn\u00ba\u00ba 22..559900,, ddee 2266 ddee setembro ddee 11999977,, considerando oo que consta no artigo 9\u00ba, in\u00e7cisoe I[I da Lei n\u00ba 8.51123\/90 e o contidoa no pprroocceessssoo nn\u00ba\u00ba 4455II6600\/\/003H-4422,,<\/p>\n\n\n<p><strong>RESOLVE:<\/strong><\/p>\n\n\n<p>|1 . Nomear, aa ppaarrtiirr ddee Q099 ddee outmubbro ddee 22000033,, a\u00e0 sseerrvviiddoorra ELISABETE RIBEIRO DE ANDRADE &#8211; 107832, AAssssiisstt\u00eaennttee eemm AAddmmiinniissttrraa\u00e7\u00e7\u00e3\u00e3oo,, ppaarraa eexxeerrcceerr qo cargo de confian\u00e7a de Diretor da Divis\u00e3o de aApoio ee Cadastro, EG-03, do Departamento de Administra\u00e7\u00e3o de Pessoal da Pr\u00f3-Reitoria de Recursos Humanos ee Assuntos Estudantis, autorizado ppeellaa Medida PPrroovviiss\u00f3\u00f3rriiaa nn\u00ba\u00ba 11.,553344\/\/9966,, resgulamentada ppeellaa PPoorrttaarriiaa IIanlteerrmmiimniisstteerriiaall nn\u00ba\u00ba 1L4A007\/G69 6-MMEECC\/IMARE.<\/p><p> IIll. A\u00c0 citada servidora cumprir\u00e1, obrigatoriamente, o regime de tr\u00e1abalho ddee tempo intesgral, ddee a\u00e7cordo com oo disposto nnoo 44 55\u00ba,, armtiiggo 11\u00ba\u00ba ddaa LLeeii nn\u00ba\u00ba $88,.116688\/91.<\/p><p><\/p>\n\n\n<div style=\"height:15px\" aria-hidden=\"true\" class=\"wp-block-spacer\"><\/div>\n\n\n<div class=\"wp-block-buttons is-content-justification-right is-layout-flex wp-container-core-buttons-is-layout-1 wp-block-buttons-is-layout-flex\">\n<div class=\"wp-block-button has-custom-font-size is-style-outline has-small-font-size is-style-outline--1\"><a class=\"wp-block-button__link\" href=\"https:\/\/progepe.ufpr.br\/portarias\/wp-content\/uploads\/pcp\/PRHAE\/2003\/3660PR.pdf\" style=\"border-radius:0px\" target=\"_blank\" rel=\"noreferrer noopener\">Acesse o arquivo da portaria<\/a><\/div><\/div>\n","protected":false},"excerpt":{"rendered":"<p>|1 . Nomear, aa ppaarrtiirr ddee Q099 ddee outmubbro ddee 22000033,, a\u00e0 sseerrvviiddoorra ELISABETE RIBEIRO DE ANDRADE &#8211; 107832, AAssssiisstt\u00eaennttee eemm AAddmmiinniissttrraa\u00e7\u00e7\u00e3\u00e3oo,, ppaarraa eexxeerrcceerr qo cargo de confian\u00e7a de Diretor da Divis\u00e3o de aApoio ee Cadastro, EG-03, do Departamento de Administra\u00e7\u00e3o de Pessoal da Pr\u00f3-Reitoria de Recursos Humanos ee Assuntos Estudantis, autorizado ppeellaa Medida PPrroovviiss\u00f3\u00f3rriiaa nn\u00ba\u00ba 11.,553344\/\/9966,, resgulamentada ppeellaa PPoorrttaarriiaa IIanlteerrmmiimniisstteerriiaall nn\u00ba\u00ba 1L4A007\/G69 6-MMEECC\/IMARE. IIll. A\u00c0 citada servidora cumprir\u00e1, obrigatoriamente, o regime de tr\u00e1abalho ddee tempo intesgral, ddee a\u00e7cordo com oo disposto nnoo 44 55\u00ba,, armtiiggo 11\u00ba\u00ba ddaa LLeeii nn\u00ba\u00ba $88,.116688\/91.  {&#8220;height&#8221;:&#8221;15px&#8221;} <\/p>\n<div style=\"height:15px\" aria-hidden=\"true\" class=\"wp-block-spacer\"> <!--\n<\/p>\n","protected":false},"author":41,"featured_media":0,"comment_status":"closed","ping_status":"closed","sticky":false,"template":"wp-custom-template-emissao-entre-01-05-2004-ate-30-06-2017","format":"standard","meta":{"_acf_changed":false,"iawp_total_views":0,"footnotes":""},"categories":[232],"tags":[],"class_list":["post-242926","post","type-post","status-publish","format-standard","hentry","category-prhae"],"acf":[],"_links":{"self":[{"href":"https:\/\/progepe.ufpr.br\/portarias\/wp-json\/wp\/v2\/posts\/242926","targetHints":{"allow":["GET"]}}],"collection":[{"href":"https:\/\/progepe.ufpr.br\/portarias\/wp-json\/wp\/v2\/posts"}],"about":[{"href":"https:\/\/progepe.ufpr.br\/portarias\/wp-json\/wp\/v2\/types\/post"}],"author":[{"embeddable":true,"href":"https:\/\/progepe.ufpr.br\/portarias\/wp-json\/wp\/v2\/users\/41"}],"replies":[{"embeddable":true,"href":"https:\/\/progepe.ufpr.br\/portarias\/wp-json\/wp\/v2\/comments?post=242926"}],"version-history":[{"count":1,"href":"https:\/\/progepe.ufpr.br\/portarias\/wp-json\/wp\/v2\/posts\/242926\/revisions"}],"predecessor-version":[{"id":245634,"href":"https:\/\/progepe.ufpr.br\/portarias\/wp-json\/wp\/v2\/posts\/242926\/revisions\/245634"}],"wp:attachment":[{"href":"https:\/\/progepe.ufpr.br\/portarias\/wp-json\/wp\/v2\/media?parent=242926"}],"wp:term":[{"taxonomy":"category","embeddable":true,"href":"https:\/\/progepe.ufpr.br\/portarias\/wp-json\/wp\/v2\/categories?post=242926"},{"taxonomy":"post_tag","embeddable":true,"href":"https:\/\/progepe.ufpr.br\/portarias\/wp-json\/wp\/v2\/tags?post=242926"}],"curies":[{"name":"wp","href":"https:\/\/api.w.org\/{rel}","templated":true}]}}