{"id":242928,"date":"2003-10-15T10:01:00","date_gmt":"2003-10-15T13:01:00","guid":{"rendered":"http:\/\/progepe.ufpr.br\/portarias\/prhae-2003-03662\/"},"modified":"2023-09-05T09:33:40","modified_gmt":"2023-09-05T12:33:40","slug":"prhae-2003-03662","status":"publish","type":"post","link":"https:\/\/progepe.ufpr.br\/portarias\/prhae-2003-03662\/","title":{"rendered":"PORTARIA N\u00ba 03662\/PRHAE, DE 15 DE OUTUBRO DE 2003"},"content":{"rendered":"\n<p>O Pr\u00f3-Reitor ddee Recursos Humanos ee Assountos EEssttuuddaannttiiss ddaa Universidade FFeeddeerraall ddoo PPaarraann\u00e1\u00e1,, nnoo vussoo ddee sSuuaass aattrriibbuui\u00ed\u00e7\u00e7\u00f5\u00f5eess,, tteennddoo eemm vviissttaa aa ccoommppeett\u00ea\u00e9nncciiaa qquuee llhhee \u00e9 \u00e9 ccoonnffeerriiddaa ppeellaa PFoorrttaarriiaa nn\u00ba\u00ba 22..559900,, ddee 7266 ddee setembro ddee 11999977,, tteennddoo eemm vviissltaa oo qquuee ccoonnssttaa nnoo aarrttiiggoo $944 ddaa LLeeii nn\u00ba\u00ba 88..111132\/\/9900 ee oe ccoonnttiiddoo nnoo pprroocceessssoo n\u00ba 41387\/03-57,<\/p>\n\n\n<p><strong>RESOLVE:<\/strong><\/p>\n\n\n<p>CCoonncceeddeerr llTiicceenn\u00e7\u00e7aa,, sseemm rreemmuunnecrraa\u00e7\u00e7\u00e3\u00e3oo,, ppaarraa ccoummpprriirr mmaannddaatloo eelleettiivvoo,, tteennddoo em vviissttaa hhaavveerr assumido em cc\u00e1\u00e1rraatteerr eeffeettiivvoo mandato ddee Senador ppaarraa oo qquuaall ffooii eelleeiittoo,, nnoo ppeerr\u00ed\u00edvoxdioo ddee O01 ddee jjaanneeiirroo ddee 22000033 \u00e0a M3H1 ddee ddeezzeemmbbrroo ddee 22001111,, aaoo PPrrooffeessssoor FLAVIO JOSE ARNS &#8211; 55638, ccllaassssee AAddjjuunnttoo,, lloottaaddoo nnoo DDeeppaarrttiaammeennttoo ddee TTeeoorriiaa \u00e9e PPrr\u00e1\u00e1ttiiccaa ddee EEnnssiinnoo ddoo SSeettoor de Educa\u00e7\u00e3o.<\/p><p><\/p>\n\n\n<div style=\"height:15px\" aria-hidden=\"true\" class=\"wp-block-spacer\"><\/div>\n\n\n<div class=\"wp-block-buttons is-content-justification-right is-layout-flex wp-container-core-buttons-is-layout-1 wp-block-buttons-is-layout-flex\">\n<div class=\"wp-block-button has-custom-font-size is-style-outline has-small-font-size is-style-outline--1\"><a class=\"wp-block-button__link\" href=\"https:\/\/progepe.ufpr.br\/portarias\/wp-content\/uploads\/pcp\/PRHAE\/2003\/3662PR.pdf\" style=\"border-radius:0px\" target=\"_blank\" rel=\"noreferrer noopener\">Acesse o arquivo da portaria<\/a><\/div><\/div>\n","protected":false},"excerpt":{"rendered":"<p>CCoonncceeddeerr llTiicceenn\u00e7\u00e7aa,, sseemm rreemmuunnecrraa\u00e7\u00e7\u00e3\u00e3oo,, ppaarraa ccoummpprriirr mmaannddaatloo eelleettiivvoo,, tteennddoo em vviissttaa hhaavveerr assumido em cc\u00e1\u00e1rraatteerr eeffeettiivvoo mandato ddee Senador ppaarraa oo qquuaall ffooii eelleeiittoo,, nnoo ppeerr\u00ed\u00edvoxdioo ddee O01 ddee jjaanneeiirroo ddee 22000033 \u00e0a M3H1 ddee ddeezzeemmbbrroo ddee 22001111,, aaoo PPrrooffeessssoor FLAVIO JOSE ARNS &#8211; 55638, ccllaassssee AAddjjuunnttoo,, lloottaaddoo nnoo DDeeppaarrttiaammeennttoo ddee TTeeoorriiaa \u00e9e PPrr\u00e1\u00e1ttiiccaa ddee EEnnssiinnoo ddoo SSeettoor de Educa\u00e7\u00e3o.  {&#8220;height&#8221;:&#8221;15px&#8221;} <\/p>\n<div style=\"height:15px\" aria-hidden=\"true\" class=\"wp-block-spacer\"> <!-- \/wp:spacer  {\"layout\":{\"type\":\"flex\",\"justifyContent\":\"right\"}} \n\n<div class=\"wp-block-buttons\"><!-- wp:button {\"style\":{\"border\":{\"radius\":\"0px\"}},\"className\":\"is-style-outline\",\"fontSize\":\"small\"} \n\n<div class=\"wp-block-button has-custom-font-size is-style-outline has-small-font-size\"><a class=\"wp-block-button__link\" href=\"ht\n<\/p>\n","protected":false},"author":41,"featured_media":0,"comment_status":"closed","ping_status":"closed","sticky":false,"template":"wp-custom-template-emissao-entre-01-05-2004-ate-30-06-2017","format":"standard","meta":{"_acf_changed":false,"iawp_total_views":1,"footnotes":""},"categories":[232],"tags":[],"class_list":["post-242928","post","type-post","status-publish","format-standard","hentry","category-prhae"],"acf":[],"_links":{"self":[{"href":"https:\/\/progepe.ufpr.br\/portarias\/wp-json\/wp\/v2\/posts\/242928","targetHints":{"allow":["GET"]}}],"collection":[{"href":"https:\/\/progepe.ufpr.br\/portarias\/wp-json\/wp\/v2\/posts"}],"about":[{"href":"https:\/\/progepe.ufpr.br\/portarias\/wp-json\/wp\/v2\/types\/post"}],"author":[{"embeddable":true,"href":"https:\/\/progepe.ufpr.br\/portarias\/wp-json\/wp\/v2\/users\/41"}],"replies":[{"embeddable":true,"href":"https:\/\/progepe.ufpr.br\/portarias\/wp-json\/wp\/v2\/comments?post=242928"}],"version-history":[{"count":1,"href":"https:\/\/progepe.ufpr.br\/portarias\/wp-json\/wp\/v2\/posts\/242928\/revisions"}],"predecessor-version":[{"id":245635,"href":"https:\/\/progepe.ufpr.br\/portarias\/wp-json\/wp\/v2\/posts\/242928\/revisions\/245635"}],"wp:attachment":[{"href":"https:\/\/progepe.ufpr.br\/portarias\/wp-json\/wp\/v2\/media?parent=242928"}],"wp:term":[{"taxonomy":"category","embeddable":true,"href":"https:\/\/progepe.ufpr.br\/portarias\/wp-json\/wp\/v2\/categories?post=242928"},{"taxonomy":"post_tag","embeddable":true,"href":"https:\/\/progepe.ufpr.br\/portarias\/wp-json\/wp\/v2\/tags?post=242928"}],"curies":[{"name":"wp","href":"https:\/\/api.w.org\/{rel}","templated":true}]}}