{"id":242929,"date":"2003-10-16T10:12:00","date_gmt":"2003-10-16T13:12:00","guid":{"rendered":"http:\/\/progepe.ufpr.br\/portarias\/prhae-2003-03675\/"},"modified":"2023-09-05T09:33:40","modified_gmt":"2023-09-05T12:33:40","slug":"prhae-2003-03675","status":"publish","type":"post","link":"https:\/\/progepe.ufpr.br\/portarias\/prhae-2003-03675\/","title":{"rendered":"PORTARIA N\u00ba 03675\/PRHAE, DE 16 DE OUTUBRO DE 2003"},"content":{"rendered":"\n<p>O Pr\u00f3-Reitor ddee Recursos Humanos ee A\u00c1sssuunnttos Estudantis ddaa Universidade Federal do Paran\u00e1, nnoo uussoo ddee suas atribui\u00e7\u00f5es, ltendo em vviissttaa aa compet\u00eancia que llhhee \u00e9\u00e9 conferida pela Portaria nn\u00ba\u00ba 2.559)0, ddee 26 ddee setembro ddee 1997 ee considerando ou qquuee ccoonnssttaa nnoo aarrttiizgoo 110000 ddaa LLeeii nn\u00ba\u00ba 88..111122\/\/9900 ee aaiinnddaa oo ccoonnttiiddoo nnoo proc\u00e7esso nn\u00ba\u00ba 244200\/\/0093&#8211;884,<\/p>\n\n\n<p><strong>RESOLVE:<\/strong><\/p>\n\n\n<p>AAvveerrbbaarr,, aa ppaarrtiirr ddee 1j44 ddee oouuttuubbrroo ddee 22000033,, ppaarraa ffiinnss ddee aposentadoria e disponibilidade, qo tempo de servi\u00e7o prestado a Prefeitura Municipal de Curitiba, no per\u00edodo de 11.01.91 aa 04.08.91, no total de 206 (duzentos ee seis) dias ee,, Prefeitura Municipal ddee CCuurriittiibbaa,, nnoo ppeerr\u00ed\u00edooddoo ddee 05.08.91 aa 25.10.956, nnoo ttoottaall ddee 1.990099 (Hum mmiill \u00e9e nNoOvVeEcCeEnNtToOsS eE nNoOvVeC) ddiiaass,, em faavovro rdda a sseerrvviiddoorraa MARLENE CHIMANSKI HOLLER &#8212; 145890, ocucpauntpe addnoo tcaerg o ddee: AAuuxxiliilair adrdee Enfermmaaggeerms, lloottaaddaa nnoo HHoossppiittaall ddee CCll\u00edinniiccas.<\/p><p><\/p>\n\n\n<div style=\"height:15px\" aria-hidden=\"true\" class=\"wp-block-spacer\"><\/div>\n\n\n<div class=\"wp-block-buttons is-content-justification-right is-layout-flex wp-container-core-buttons-is-layout-1 wp-block-buttons-is-layout-flex\">\n<div class=\"wp-block-button has-custom-font-size is-style-outline has-small-font-size is-style-outline--1\"><a class=\"wp-block-button__link\" href=\"https:\/\/progepe.ufpr.br\/portarias\/wp-content\/uploads\/pcp\/PRHAE\/2003\/3675PR.pdf\" style=\"border-radius:0px\" target=\"_blank\" rel=\"noreferrer noopener\">Acesse o arquivo da portaria<\/a><\/div><\/div>\n","protected":false},"excerpt":{"rendered":"<p>AAvveerrbbaarr,, aa ppaarrtiirr ddee 1j44 ddee oouuttuubbrroo ddee 22000033,, ppaarraa ffiinnss ddee aposentadoria e disponibilidade, qo tempo de servi\u00e7o prestado a Prefeitura Municipal de Curitiba, no per\u00edodo de 11.01.91 aa 04.08.91, no total de 206 (duzentos ee seis) dias ee,, Prefeitura Municipal ddee CCuurriittiibbaa,, nnoo ppeerr\u00ed\u00edooddoo ddee 05.08.91 aa 25.10.956, nnoo ttoottaall ddee 1.990099 (Hum mmiill \u00e9e nNoOvVeEcCeEnNtToOsS eE nNoOvVeC) ddiiaass,, em faavovro rdda a sseerrvviiddoorraa MARLENE CHIMANSKI HOLLER &#8212; 145890, ocucpauntpe addnoo tcaerg o ddee: AAuuxxiliilair adrdee Enfermmaaggeerms, lloottaaddaa nnoo HHoossppiittaall ddee CCll\u00edinniiccas.  {&#8220;height&#8221;:&#8221;15px&#8221;} <\/p>\n<div style=\"height:15px\" aria-hidden=\"true\" class=\"wp-block-spacer\"> <!-- \/wp:spacer  {\"layout\":{\"type\":\"flex\",\"justifyContent\":\"right\"}} \n\n<div class=\"wp-block-buttons\"><!-- wp:button {\"style\":{\"border\":{\"radius\":\"0px\"}},\"className\":\"is-style-outline\",\"fontSize\":\"small\"}\n<\/p>\n","protected":false},"author":41,"featured_media":0,"comment_status":"closed","ping_status":"closed","sticky":false,"template":"wp-custom-template-emissao-entre-01-05-2004-ate-30-06-2017","format":"standard","meta":{"_acf_changed":false,"iawp_total_views":0,"footnotes":""},"categories":[232],"tags":[],"class_list":["post-242929","post","type-post","status-publish","format-standard","hentry","category-prhae"],"acf":[],"_links":{"self":[{"href":"https:\/\/progepe.ufpr.br\/portarias\/wp-json\/wp\/v2\/posts\/242929","targetHints":{"allow":["GET"]}}],"collection":[{"href":"https:\/\/progepe.ufpr.br\/portarias\/wp-json\/wp\/v2\/posts"}],"about":[{"href":"https:\/\/progepe.ufpr.br\/portarias\/wp-json\/wp\/v2\/types\/post"}],"author":[{"embeddable":true,"href":"https:\/\/progepe.ufpr.br\/portarias\/wp-json\/wp\/v2\/users\/41"}],"replies":[{"embeddable":true,"href":"https:\/\/progepe.ufpr.br\/portarias\/wp-json\/wp\/v2\/comments?post=242929"}],"version-history":[{"count":1,"href":"https:\/\/progepe.ufpr.br\/portarias\/wp-json\/wp\/v2\/posts\/242929\/revisions"}],"predecessor-version":[{"id":245647,"href":"https:\/\/progepe.ufpr.br\/portarias\/wp-json\/wp\/v2\/posts\/242929\/revisions\/245647"}],"wp:attachment":[{"href":"https:\/\/progepe.ufpr.br\/portarias\/wp-json\/wp\/v2\/media?parent=242929"}],"wp:term":[{"taxonomy":"category","embeddable":true,"href":"https:\/\/progepe.ufpr.br\/portarias\/wp-json\/wp\/v2\/categories?post=242929"},{"taxonomy":"post_tag","embeddable":true,"href":"https:\/\/progepe.ufpr.br\/portarias\/wp-json\/wp\/v2\/tags?post=242929"}],"curies":[{"name":"wp","href":"https:\/\/api.w.org\/{rel}","templated":true}]}}