{"id":242931,"date":"2003-10-16T10:14:00","date_gmt":"2003-10-16T13:14:00","guid":{"rendered":"http:\/\/progepe.ufpr.br\/portarias\/prhae-2003-03677\/"},"modified":"2023-09-05T09:33:40","modified_gmt":"2023-09-05T12:33:40","slug":"prhae-2003-03677","status":"publish","type":"post","link":"https:\/\/progepe.ufpr.br\/portarias\/prhae-2003-03677\/","title":{"rendered":"PORTARIA N\u00ba 03677\/PRHAE, DE 16 DE OUTUBRO DE 2003"},"content":{"rendered":"\n<p>O Pr\u00f3-Reitor de Recursos Humanos e\u00e9 A\u00c1Asssuunnttos Estudantis da Universidade Federal do Paran\u00e1g, no uvso de Ssuas altribui\u00e7\u00f5es, tendo em vista a compet\u00eancia que lhe \u00e9\u00e9 conferida pela Portaria n\u00ba 2.590, de 26 de setembro de 1997, considerando o que\u00ea consta nas Leis n\u00ba 8.745\/93 ee 9.88449\/99\/99 9 \u00e9e de sacordo ceom as Resolu\u00e7\u00f5es nn\u00ba\u00ba 732\/981-CEP, 31\/985&#8211;CCEEPPF \u20ac\u00e7 246\/096-CEPE, ee aaiinnddao oo contido no processo n\u00ba 5276\/\/0083-222,<\/p>\n\n\n<p><strong>RESOLVE:<\/strong><\/p>\n\n\n<p>Contratar LEANDRO BORGONHA DA SILVA, como PFrofessor Substituto, com sal\u00e1rio correspondente \u00e0\u00e0 classe de PFrofessor Auxiliar, nM\u00edvel 11,, no regime de trabalho de 2200 (fvviinnttee)) hhoorraass sseemmaannaaiiss,, ppaarra oo DDeeppaarrttaamneennttoo ddee AArrtte\u00e9s do Setorr ddee Ci\u00eancciiaass Humanas, LLeetrrraas ee \u00c1\u00c1rrtteess,, aa ppaarrtir ddaa aassssiinnaatlura do ccoontrato, aatt\u00e9\u00e9 06 de mmaarr\u00e7\u00e7oo ddee 220004, na vvaaggaa ddee c\u00f3digoo 2665522884.<\/p><p><\/p>\n\n\n<div style=\"height:15px\" aria-hidden=\"true\" class=\"wp-block-spacer\"><\/div>\n\n\n<div class=\"wp-block-buttons is-content-justification-right is-layout-flex wp-container-core-buttons-is-layout-1 wp-block-buttons-is-layout-flex\">\n<div class=\"wp-block-button has-custom-font-size is-style-outline has-small-font-size is-style-outline--1\"><a class=\"wp-block-button__link\" href=\"https:\/\/progepe.ufpr.br\/portarias\/wp-content\/uploads\/pcp\/PRHAE\/2003\/3677PR.pdf\" style=\"border-radius:0px\" target=\"_blank\" rel=\"noreferrer noopener\">Acesse o arquivo da portaria<\/a><\/div><\/div>\n","protected":false},"excerpt":{"rendered":"<p>Contratar LEANDRO BORGONHA DA SILVA, como PFrofessor Substituto, com sal\u00e1rio correspondente \u00e0\u00e0 classe de PFrofessor Auxiliar, nM\u00edvel 11,, no regime de trabalho de 2200 (fvviinnttee)) hhoorraass sseemmaannaaiiss,, ppaarra oo DDeeppaarrttaamneennttoo ddee AArrtte\u00e9s do Setorr ddee Ci\u00eancciiaass Humanas, LLeetrrraas ee \u00c1\u00c1rrtteess,, aa ppaarrtir ddaa aassssiinnaatlura do ccoontrato, aatt\u00e9\u00e9 06 de mmaarr\u00e7\u00e7oo ddee 220004, na vvaaggaa ddee c\u00f3digoo 2665522884.  {&#8220;height&#8221;:&#8221;15px&#8221;} <\/p>\n<div style=\"height:15px\" aria-hidden=\"true\" class=\"wp-block-spacer\"> <!-- \/wp:spacer  {\"layout\":{\"type\":\"flex\",\"justifyContent\":\"right\"}} \n\n<div class=\"wp-block-buttons\"><!-- wp:button {\"style\":{\"border\":{\"radius\":\"0px\"}},\"className\":\"is-style-outline\",\"fontSize\":\"small\"} \n\n<div class=\"wp-block-button has-custom-font-size is-style-outline has-small-font-size\"><a class=\"wp-block-button__link\" href=\"https:\/\/progepe.ufpr.br\/portarias\/wp-content\/uploads\/pcp\/PRHAE\/2003\/3677PR.pdf\" style=\"border-radius:0px\" target=\"_blank\" rel=\"n\n<\/p>\n","protected":false},"author":41,"featured_media":0,"comment_status":"closed","ping_status":"closed","sticky":false,"template":"wp-custom-template-emissao-entre-01-05-2004-ate-30-06-2017","format":"standard","meta":{"_acf_changed":false,"iawp_total_views":0,"footnotes":""},"categories":[232],"tags":[],"class_list":["post-242931","post","type-post","status-publish","format-standard","hentry","category-prhae"],"acf":[],"_links":{"self":[{"href":"https:\/\/progepe.ufpr.br\/portarias\/wp-json\/wp\/v2\/posts\/242931","targetHints":{"allow":["GET"]}}],"collection":[{"href":"https:\/\/progepe.ufpr.br\/portarias\/wp-json\/wp\/v2\/posts"}],"about":[{"href":"https:\/\/progepe.ufpr.br\/portarias\/wp-json\/wp\/v2\/types\/post"}],"author":[{"embeddable":true,"href":"https:\/\/progepe.ufpr.br\/portarias\/wp-json\/wp\/v2\/users\/41"}],"replies":[{"embeddable":true,"href":"https:\/\/progepe.ufpr.br\/portarias\/wp-json\/wp\/v2\/comments?post=242931"}],"version-history":[{"count":1,"href":"https:\/\/progepe.ufpr.br\/portarias\/wp-json\/wp\/v2\/posts\/242931\/revisions"}],"predecessor-version":[{"id":245649,"href":"https:\/\/progepe.ufpr.br\/portarias\/wp-json\/wp\/v2\/posts\/242931\/revisions\/245649"}],"wp:attachment":[{"href":"https:\/\/progepe.ufpr.br\/portarias\/wp-json\/wp\/v2\/media?parent=242931"}],"wp:term":[{"taxonomy":"category","embeddable":true,"href":"https:\/\/progepe.ufpr.br\/portarias\/wp-json\/wp\/v2\/categories?post=242931"},{"taxonomy":"post_tag","embeddable":true,"href":"https:\/\/progepe.ufpr.br\/portarias\/wp-json\/wp\/v2\/tags?post=242931"}],"curies":[{"name":"wp","href":"https:\/\/api.w.org\/{rel}","templated":true}]}}