{"id":242936,"date":"2003-10-17T10:18:00","date_gmt":"2003-10-17T13:18:00","guid":{"rendered":"http:\/\/progepe.ufpr.br\/portarias\/prhae-2003-03696\/"},"modified":"2023-09-05T09:33:41","modified_gmt":"2023-09-05T12:33:41","slug":"prhae-2003-03696","status":"publish","type":"post","link":"https:\/\/progepe.ufpr.br\/portarias\/prhae-2003-03696\/","title":{"rendered":"PORTARIA N\u00ba 03696\/PRHAE, DE 17 DE OUTUBRO DE 2003"},"content":{"rendered":"\n<p>O Pr\u00f3-Reitor ddee Recursos Humanos ee A\u00c1ssuntos Estudantis ddaa Universidade Federal ddoo Paran\u00e1, nnoo uvssoo ddee ssuuvaass atribui\u00e7\u00f5es, tendo em vviissttaa aa compet\u00eancia que llhhee \u00e9\u00e9 conferida pela Portaria n\u00ba 2.5090, de 26 de setembro de 1997 ee conssiiddeerarnadnod oo o qquuee ccoonmsettaa nnoo pprroocceessssoo nn\u00ba\u00ba 338923\/03-64,<\/p>\n\n\n<p><strong>RESOLVE:<\/strong><\/p>\n\n\n<p>Retificar a Portaria n\u00ba 31.477\/PRHAE, ddee 2266 ddee setembro ddee 2003, para fazer constar aa partiirr de 1177 de ouvutbubrroo de 2003, para fins de aposentadoria ee \u00abdiissppoonniibbiilliiddaaddee,, o0 tempo ddee sseecrvvii\u00e7\u00e7oo pprreessttaaddoo como aauutt\u00f4\u00f4\u00f3nnoommoo,, nnoo ppeerri\u00edooddoo ddee 01.10.69 \u00e0a 3300.,1100..7711,, nnoo ttoottaall ddee 7766500 ((sseetteecceennttooss ee sseesssseennttaa)) ddiiaass,, eemm ffaavvoorr ddaa PPrrooffeessssoorra MIRNA LUIZA CORTOPASSI LOBO &#8211; 53422, ccillaassssee TTiitnullaarr,, lloottaaddaa nnoo Departamento ddee AArrqquuiitteettuurraa ddoo SSeettoorr ddee Tecnologpia.<\/p><p><\/p>\n\n\n<div style=\"height:15px\" aria-hidden=\"true\" class=\"wp-block-spacer\"><\/div>\n\n\n<div class=\"wp-block-buttons is-content-justification-right is-layout-flex wp-container-core-buttons-is-layout-1 wp-block-buttons-is-layout-flex\">\n<div class=\"wp-block-button has-custom-font-size is-style-outline has-small-font-size is-style-outline--1\"><a class=\"wp-block-button__link\" href=\"https:\/\/progepe.ufpr.br\/portarias\/wp-content\/uploads\/pcp\/PRHAE\/2003\/3696PR.pdf\" style=\"border-radius:0px\" target=\"_blank\" rel=\"noreferrer noopener\">Acesse o arquivo da portaria<\/a><\/div><\/div>\n","protected":false},"excerpt":{"rendered":"<p>Retificar a Portaria n\u00ba 31.477\/PRHAE, ddee 2266 ddee setembro ddee 2003, para fazer constar aa partiirr de 1177 de ouvutbubrroo de 2003, para fins de aposentadoria ee \u00abdiissppoonniibbiilliiddaaddee,, o0 tempo ddee sseecrvvii\u00e7\u00e7oo pprreessttaaddoo como aauutt\u00f4\u00f4\u00f3nnoommoo,, nnoo ppeerri\u00edooddoo ddee 01.10.69 \u00e0a 3300.,1100..7711,, nnoo ttoottaall ddee 7766500 ((sseetteecceennttooss ee sseesssseennttaa)) ddiiaass,, eemm ffaavvoorr ddaa PPrrooffeessssoorra MIRNA LUIZA CORTOPASSI LOBO &#8211; 53422, ccillaassssee TTiitnullaarr,, lloottaaddaa nnoo Departamento ddee AArrqquuiitteettuurraa ddoo SSeettoorr ddee Tecnologpia.  {&#8220;height&#8221;:&#8221;15px&#8221;} <\/p>\n<div style=\"height:15px\" aria-hidden=\"true\" class=\"wp-block-spacer\"> <!-- \/wp:spacer  {\"layout\":{\"type\":\"flex\",\"justifyContent\":\"right\"}} \n\n<div class=\"wp-block-buttons\"><!-- wp:button {\"style\":{\"border\":{\"radius\":\"0px\"}},\"className\":\"is-style-outline\",\"fontSize\":\"small\"} \n\n<div class=\"wp-block-button has-custom-font-size is-style-outline has-small-font-size\"><a class\n<\/p>\n","protected":false},"author":41,"featured_media":0,"comment_status":"closed","ping_status":"closed","sticky":false,"template":"wp-custom-template-emissao-entre-01-05-2004-ate-30-06-2017","format":"standard","meta":{"_acf_changed":false,"iawp_total_views":0,"footnotes":""},"categories":[232],"tags":[],"class_list":["post-242936","post","type-post","status-publish","format-standard","hentry","category-prhae"],"acf":[],"_links":{"self":[{"href":"https:\/\/progepe.ufpr.br\/portarias\/wp-json\/wp\/v2\/posts\/242936","targetHints":{"allow":["GET"]}}],"collection":[{"href":"https:\/\/progepe.ufpr.br\/portarias\/wp-json\/wp\/v2\/posts"}],"about":[{"href":"https:\/\/progepe.ufpr.br\/portarias\/wp-json\/wp\/v2\/types\/post"}],"author":[{"embeddable":true,"href":"https:\/\/progepe.ufpr.br\/portarias\/wp-json\/wp\/v2\/users\/41"}],"replies":[{"embeddable":true,"href":"https:\/\/progepe.ufpr.br\/portarias\/wp-json\/wp\/v2\/comments?post=242936"}],"version-history":[{"count":1,"href":"https:\/\/progepe.ufpr.br\/portarias\/wp-json\/wp\/v2\/posts\/242936\/revisions"}],"predecessor-version":[{"id":245667,"href":"https:\/\/progepe.ufpr.br\/portarias\/wp-json\/wp\/v2\/posts\/242936\/revisions\/245667"}],"wp:attachment":[{"href":"https:\/\/progepe.ufpr.br\/portarias\/wp-json\/wp\/v2\/media?parent=242936"}],"wp:term":[{"taxonomy":"category","embeddable":true,"href":"https:\/\/progepe.ufpr.br\/portarias\/wp-json\/wp\/v2\/categories?post=242936"},{"taxonomy":"post_tag","embeddable":true,"href":"https:\/\/progepe.ufpr.br\/portarias\/wp-json\/wp\/v2\/tags?post=242936"}],"curies":[{"name":"wp","href":"https:\/\/api.w.org\/{rel}","templated":true}]}}