{"id":242940,"date":"2003-10-17T10:22:00","date_gmt":"2003-10-17T13:22:00","guid":{"rendered":"http:\/\/progepe.ufpr.br\/portarias\/prhae-2003-03700\/"},"modified":"2023-09-05T09:33:41","modified_gmt":"2023-09-05T12:33:41","slug":"prhae-2003-03700","status":"publish","type":"post","link":"https:\/\/progepe.ufpr.br\/portarias\/prhae-2003-03700\/","title":{"rendered":"PORTARIA N\u00ba 03700\/PRHAE, DE 17 DE OUTUBRO DE 2003"},"content":{"rendered":"\n<p>O Pr\u00f3-Reitor ddee Recursos Humanos ee A\u00c1sAsssuunnttooss Estudantis da Universiiddaaddee FFeeddeerraall ddoo PPaarraann\u00e1\u00e1,, nnoo uussoo de sSuuaass aattrriibbuui\u00ed\u00e7\u00e7\u00f5\u00f5eess,, tteennddoo eemm vviissttaa aa ccoommppeett\u00ea\u00eanncciiaa qquuee lllhhee \u00e9\u00e9 ceoonnffeerriiddaa ppeellaa PPoorrttaarriiaa nn\u00ba\u00ba 22..559900,, ddee 2266 ddee sseetteemmbbrroo ddee 11999997 ce aaiinnddaa oo ccoonmtuiddoo nno6 pprroocecsesso sonn\u00ba \u00ba 3322336600\/\/0022&#8211;2299,,<\/p>\n\n\n<p><strong>RESOLVE:<\/strong><\/p>\n\n\n<p>DDeessiiggnnaarr O6s5 sseerrvviiddoorrees SHEILA WIES TRAUER &#8211; 108898, AAssssiisstteennttee em Administra\u00e7\u00e3o, Tloottaaddaa nnoo HHoossppiittaall ddee CCll\u00ed\u00ednniiccaas; R\u00d4MULO DE SOUZA LEIT\u00c3O NETO &#8211; 108715, Assistenate em Administra\u00e7\u00e3o, lIotado nnaa Coordena\u00e7\u00e3o de Educa\u00e7\u00e3o Arrtt\u00eds\u00edtsitcai cdadoo SSetier tddee oCCii\u00ea\u00earnnccii aass HHuummaanraass,, LLeettrraass e\u00e9 AArrtteess ee ddoo acad\u00eamico DANILO CARVALHO CIPRIANO doo CCuurrssoo ddee Tecnoolloo\u00f3ggiaeemm IInnffoorrmm\u00e1\u00e1rtiiccaa,, ppaarraa,, s3o0b5 aa proesidd\u00eadoo nppcrriimimeeiiarroo ., ccoonosntsittium\u00edir\u00edenmm Comiss\u00e3o ddee SSiinnddiicc\u00e2\u00e2nncciiaa,, ppaarraa uullttiimmaarr cos5 ttrraabbaallhhooss ddaa CCoommiissss\u00e3\u00e3oo ddee PPrroocceessssoo Administrativo DTirsscciipplliinnaarr em ffaaccee ddoo acad\u00eamico MARCOS ROBERTO ALBUQUERQUE, quanto &#038;a ind\u00edcios ddee poss\u00edvel infring\u00eancia do inciso I11I do an. 186 ee iinncciissoo XXX do aarnt.. 115877,, do RReeggiimmeennttoo GGoerraa!l da UFPR.<\/p><p><\/p>\n\n\n<div style=\"height:15px\" aria-hidden=\"true\" class=\"wp-block-spacer\"><\/div>\n\n\n<div class=\"wp-block-buttons is-content-justification-right is-layout-flex wp-container-core-buttons-is-layout-1 wp-block-buttons-is-layout-flex\">\n<div class=\"wp-block-button has-custom-font-size is-style-outline has-small-font-size is-style-outline--1\"><a class=\"wp-block-button__link\" href=\"https:\/\/progepe.ufpr.br\/portarias\/wp-content\/uploads\/pcp\/PRHAE\/2003\/3700PR.pdf\" style=\"border-radius:0px\" target=\"_blank\" rel=\"noreferrer noopener\">Acesse o arquivo da portaria<\/a><\/div><\/div>\n","protected":false},"excerpt":{"rendered":"<p>DDeessiiggnnaarr O6s5 sseerrvviiddoorrees SHEILA WIES TRAUER &#8211; 108898, AAssssiisstteennttee em Administra\u00e7\u00e3o, Tloottaaddaa nnoo HHoossppiittaall ddee CCll\u00ed\u00ednniiccaas; R\u00d4MULO DE SOUZA LEIT\u00c3O NETO &#8211; 108715, Assistenate em Administra\u00e7\u00e3o, lIotado nnaa Coordena\u00e7\u00e3o de Educa\u00e7\u00e3o Arrtt\u00eds\u00edtsitcai cdadoo SSetier tddee oCCii\u00ea\u00earnnccii aass HHuummaanraass,, LLeettrraass e\u00e9 AArrtteess ee ddoo acad\u00eamico DANILO CARVALHO CIPRIANO doo CCuurrssoo ddee Tecnoolloo\u00f3ggiaeemm IInnffoorrmm\u00e1\u00e1rtiiccaa,, ppaarraa,, s3o0b5 aa proesidd\u00eadoo nppcrriimimeeiiarroo ., ccoonosntsittium\u00edir\u00edenmm Comiss\u00e3o ddee SSiinnddiicc\u00e2\u00e2nncciiaa,, ppaarraa uullttiimmaarr cos5 ttrraabbaallhhooss ddaa CCoommiissss\u00e3\u00e3oo ddee PPrroocceessssoo Administrativo DTirsscciipplliinnaarr em ffaaccee ddoo acad\u00eamico MARCOS ROBERTO ALBUQUERQUE, quanto &#038;a ind\u00edcios ddee poss\u00edvel infring\u00eancia do inciso I11I do an. 186 ee iinncciissoo XXX do aarnt.. 115877,, do<\/p>\n","protected":false},"author":41,"featured_media":0,"comment_status":"closed","ping_status":"closed","sticky":false,"template":"wp-custom-template-emissao-entre-01-05-2004-ate-30-06-2017","format":"standard","meta":{"_acf_changed":false,"iawp_total_views":0,"footnotes":""},"categories":[232],"tags":[],"class_list":["post-242940","post","type-post","status-publish","format-standard","hentry","category-prhae"],"acf":[],"_links":{"self":[{"href":"https:\/\/progepe.ufpr.br\/portarias\/wp-json\/wp\/v2\/posts\/242940","targetHints":{"allow":["GET"]}}],"collection":[{"href":"https:\/\/progepe.ufpr.br\/portarias\/wp-json\/wp\/v2\/posts"}],"about":[{"href":"https:\/\/progepe.ufpr.br\/portarias\/wp-json\/wp\/v2\/types\/post"}],"author":[{"embeddable":true,"href":"https:\/\/progepe.ufpr.br\/portarias\/wp-json\/wp\/v2\/users\/41"}],"replies":[{"embeddable":true,"href":"https:\/\/progepe.ufpr.br\/portarias\/wp-json\/wp\/v2\/comments?post=242940"}],"version-history":[{"count":1,"href":"https:\/\/progepe.ufpr.br\/portarias\/wp-json\/wp\/v2\/posts\/242940\/revisions"}],"predecessor-version":[{"id":245671,"href":"https:\/\/progepe.ufpr.br\/portarias\/wp-json\/wp\/v2\/posts\/242940\/revisions\/245671"}],"wp:attachment":[{"href":"https:\/\/progepe.ufpr.br\/portarias\/wp-json\/wp\/v2\/media?parent=242940"}],"wp:term":[{"taxonomy":"category","embeddable":true,"href":"https:\/\/progepe.ufpr.br\/portarias\/wp-json\/wp\/v2\/categories?post=242940"},{"taxonomy":"post_tag","embeddable":true,"href":"https:\/\/progepe.ufpr.br\/portarias\/wp-json\/wp\/v2\/tags?post=242940"}],"curies":[{"name":"wp","href":"https:\/\/api.w.org\/{rel}","templated":true}]}}