{"id":242943,"date":"2003-10-20T10:01:00","date_gmt":"2003-10-20T12:01:00","guid":{"rendered":"http:\/\/progepe.ufpr.br\/portarias\/prhae-2003-03703\/"},"modified":"2023-09-05T09:33:41","modified_gmt":"2023-09-05T12:33:41","slug":"prhae-2003-03703","status":"publish","type":"post","link":"https:\/\/progepe.ufpr.br\/portarias\/prhae-2003-03703\/","title":{"rendered":"PORTARIA N\u00ba 03703\/PRHAE, DE 20 DE OUTUBRO DE 2003"},"content":{"rendered":"\n<p>O Pr\u00f3-Reitor de Recursos Humanos ee A\u00c1Asssuunnttos Estudantis ddaa Universidade FFeeddeerral ddoo PPaarraann\u00e1\u00e1,, nnoo uussoo ddee sSuas atribui\u00e7\u00f5es, tendo em vista \u00e0a compet\u00eancia que lhe \u00e9\u00e9 conferida pela Portaria n\u00ba 2.,590, de 26 de setlembro de 1997, consliderando oo qquuee ccoonnssttaa nnaass LLeeiiss nn\u00ba\u00ba 88..774455\/\/9033 ee 90,884495\/\/0995 cc ddee aaccoorrddoo ccoomm aa\u00e0sas Resolu\u00e7\u00f5es nn\u00ba\u00ba 72\/091-CEP, 31\/995-CEP \u00e9\u00e9 2356\/96-CEPE, ee aaiinnddaa oo contido no processo n\u00ba 31562322\/\/0033-61,<\/p>\n\n\n<p><strong>RESOLVE:<\/strong><\/p>\n\n\n<p>11.. Contratar RODRIGO DA SILVEIRA SOUTO, como Professor S&#038;uubbsattiitluuttoo,, ccoonmm ssaall\u00e1\u00e1rriioo correspondente \u00e0\u00e0 ccllaassssee ddee PPrrooffeessssoorr AAssssiisstteennttee,, nn\u00ed\u00edvveell 11,, nnoo regime ddee trabalho ddee 2200 f(vviinhtree)) horas semanais, para o o Departamentoe ddee Adminisitra\u00e7\u00e3o Geral \u00e9e Aplicada do Setor ddee Ci\u00eancias Sociais Aplicadas, aa pnaarrttiirr da assinatnuira do contrato, aatl\u00e9\u00e9 06 ddee mar\u00e7o ddee 2T0O0A8,, nna vvaga decoormmeennte ddaa aappoosecnatadoria ddee Emnilldo JIooss\u00e9\u00e9 LLaannztarini.<\/p><p> .M C Codenr coo aaccre\u00e9rs\u00e9cismdco imoe ssraallaani rail,a l,ddee acoccoromm doo aoartri got 11\u00ba\u00bag,, o$3 1 \u00ba,, aall\u00edinneeaa aa** ddaa LLeeii nn\u00ba\u00ba 8E..224433\/\/9911,, tteennddao eemm vviissttaa pposssuiuri rO6 tt\u00ediltuulloo ddee Mestre eemm EEnnpggeennhhaarriiaa,, \u00e1\u00e1rreae add ee concaentar\u00e7a\u00e7\u00e3\u00e3oo em Ger\u00eancia da Produ\u00e7\u00e3o.<\/p><p> PPuubblliiccaaddoo nneo Di\u00e1\u00fario Of\u00edicioal ddaa d UUnn o iic\u00e3o 2 o a\/40\/03 S\u00e3o p\u00f3g AS SS mFlelwasl<\/p><p><\/p>\n\n\n<div style=\"height:15px\" aria-hidden=\"true\" class=\"wp-block-spacer\"><\/div>\n\n\n<div class=\"wp-block-buttons is-content-justification-right is-layout-flex wp-container-core-buttons-is-layout-1 wp-block-buttons-is-layout-flex\">\n<div class=\"wp-block-button has-custom-font-size is-style-outline has-small-font-size is-style-outline--1\"><a class=\"wp-block-button__link\" href=\"https:\/\/progepe.ufpr.br\/portarias\/wp-content\/uploads\/pcp\/PRHAE\/2003\/3703PR.pdf\" style=\"border-radius:0px\" target=\"_blank\" rel=\"noreferrer noopener\">Acesse o arquivo da portaria<\/a><\/div><\/div>\n","protected":false},"excerpt":{"rendered":"<p>11.. Contratar RODRIGO DA SILVEIRA SOUTO, como Professor S&#038;uubbsattiitluuttoo,, ccoonmm ssaall\u00e1\u00e1rriioo correspondente \u00e0\u00e0 ccllaassssee ddee PPrrooffeessssoorr AAssssiisstteennttee,, nn\u00ed\u00edvveell 11,, nnoo regime ddee trabalho ddee 2200 f(vviinhtree)) horas semanais, para o o Departamentoe ddee Adminisitra\u00e7\u00e3o Geral \u00e9e Aplicada do Setor ddee Ci\u00eancias Sociais Aplicadas, aa pnaarrttiirr da assinatnuira do contrato, aatl\u00e9\u00e9 06 ddee mar\u00e7o ddee 2T0O0A8,, nna vvaga decoormmeennte ddaa aappoosecnatadoria ddee Emnilldo JIooss\u00e9\u00e9 LLaannztarini. .M C Codenr coo aaccre\u00e9rs\u00e9cismdco imoe ssraallaani rail,a l,ddee acoccoromm doo aoartri got 11\u00ba\u00bag,, o$3 1 \u00ba,, aall\u00edinneeaa aa** ddaa LLeeii nn\u00ba\u00ba 8E..224433\/\/9911,, tteennddao eemm vviissttaa pposssuiuri rO6 tt\u00ediltuulloo ddee Mestre eemm EEnnpggeennhhaarriiaa,, \u00e1\u00e1rreae<\/p>\n","protected":false},"author":41,"featured_media":0,"comment_status":"closed","ping_status":"closed","sticky":false,"template":"wp-custom-template-emissao-entre-01-05-2004-ate-30-06-2017","format":"standard","meta":{"_acf_changed":false,"iawp_total_views":0,"footnotes":""},"categories":[232],"tags":[],"class_list":["post-242943","post","type-post","status-publish","format-standard","hentry","category-prhae"],"acf":[],"_links":{"self":[{"href":"https:\/\/progepe.ufpr.br\/portarias\/wp-json\/wp\/v2\/posts\/242943","targetHints":{"allow":["GET"]}}],"collection":[{"href":"https:\/\/progepe.ufpr.br\/portarias\/wp-json\/wp\/v2\/posts"}],"about":[{"href":"https:\/\/progepe.ufpr.br\/portarias\/wp-json\/wp\/v2\/types\/post"}],"author":[{"embeddable":true,"href":"https:\/\/progepe.ufpr.br\/portarias\/wp-json\/wp\/v2\/users\/41"}],"replies":[{"embeddable":true,"href":"https:\/\/progepe.ufpr.br\/portarias\/wp-json\/wp\/v2\/comments?post=242943"}],"version-history":[{"count":1,"href":"https:\/\/progepe.ufpr.br\/portarias\/wp-json\/wp\/v2\/posts\/242943\/revisions"}],"predecessor-version":[{"id":245673,"href":"https:\/\/progepe.ufpr.br\/portarias\/wp-json\/wp\/v2\/posts\/242943\/revisions\/245673"}],"wp:attachment":[{"href":"https:\/\/progepe.ufpr.br\/portarias\/wp-json\/wp\/v2\/media?parent=242943"}],"wp:term":[{"taxonomy":"category","embeddable":true,"href":"https:\/\/progepe.ufpr.br\/portarias\/wp-json\/wp\/v2\/categories?post=242943"},{"taxonomy":"post_tag","embeddable":true,"href":"https:\/\/progepe.ufpr.br\/portarias\/wp-json\/wp\/v2\/tags?post=242943"}],"curies":[{"name":"wp","href":"https:\/\/api.w.org\/{rel}","templated":true}]}}