{"id":242948,"date":"2003-10-20T10:06:00","date_gmt":"2003-10-20T12:06:00","guid":{"rendered":"http:\/\/progepe.ufpr.br\/portarias\/prhae-2003-03708\/"},"modified":"2023-09-05T09:33:41","modified_gmt":"2023-09-05T12:33:41","slug":"prhae-2003-03708","status":"publish","type":"post","link":"https:\/\/progepe.ufpr.br\/portarias\/prhae-2003-03708\/","title":{"rendered":"PORTARIA N\u00ba 03708\/PRHAE, DE 20 DE OUTUBRO DE 2003"},"content":{"rendered":"\n<p>O Pr\u00f3-Reitor de RKeeccuurrssoos Humanos e Assuntos Estudantis da Universidade Federal do Paran\u00e1, nnoo uussoo ddee sSsuuaass atribui\u00e7\u00f5es, tendo em vista aa compet\u00eancia que lhe \u00e9\u00e9 conferida ppeellaa PPoorrttaarriiaa nn\u00ba\u00ba 23,.559900,, ddee 2266 ddee sseettemebmrbo roddee 1199997 7 e\u00e9 ccoonnssiaddeerraannddoo o\u00e9 qquuee ecoonnssttaa nnog pprroocceessssoo nn\u00ba\u00ba 33773311 884\/0033&#8211;2211,,<\/p>\n\n\n<p><strong>RESOLVE:<\/strong><\/p>\n\n\n<p>EExxcclluuiirr,, aa ppaarrttiirr ddee 2299 ddee setembro ddee 2Z2000O303,, oo aaddiicciioonnaall ddee Insalubridade corresponrdente aaoo gerau mnm\u00e9\u00e9ddiioo ddee 10 (dez ppoorr cento), \u00e0\u00e0 servidora ZILDETE ANSELMO RODRIGUES &#8211; 147567, ocupante ddoo ccaarrggoo ddee T\u00e9cnico em Enfermasgem, lloottaaddaa nnoo Departamento ddee Psicologia ddoo Setor ddee Ci\u00eancias Humanas, Leiras \u00abe AArrttees.<\/p><p><\/p>\n\n\n<div style=\"height:15px\" aria-hidden=\"true\" class=\"wp-block-spacer\"><\/div>\n\n\n<div class=\"wp-block-buttons is-content-justification-right is-layout-flex wp-container-core-buttons-is-layout-1 wp-block-buttons-is-layout-flex\">\n<div class=\"wp-block-button has-custom-font-size is-style-outline has-small-font-size is-style-outline--1\"><a class=\"wp-block-button__link\" href=\"https:\/\/progepe.ufpr.br\/portarias\/wp-content\/uploads\/pcp\/PRHAE\/2003\/3708PR.pdf\" style=\"border-radius:0px\" target=\"_blank\" rel=\"noreferrer noopener\">Acesse o arquivo da portaria<\/a><\/div><\/div>\n","protected":false},"excerpt":{"rendered":"<p>EExxcclluuiirr,, aa ppaarrttiirr ddee 2299 ddee setembro ddee 2Z2000O303,, oo aaddiicciioonnaall ddee Insalubridade corresponrdente aaoo gerau mnm\u00e9\u00e9ddiioo ddee 10 (dez ppoorr cento), \u00e0\u00e0 servidora ZILDETE ANSELMO RODRIGUES &#8211; 147567, ocupante ddoo ccaarrggoo ddee T\u00e9cnico em Enfermasgem, lloottaaddaa nnoo Departamento ddee Psicologia ddoo Setor ddee Ci\u00eancias Humanas, Leiras \u00abe AArrttees.  {&#8220;height&#8221;:&#8221;15px&#8221;} <\/p>\n<div style=\"height:15px\" aria-hidden=\"true\" class=\"wp-block-spacer\"> <!-- \/wp:spacer  {\"layout\":{\"type\":\"flex\",\"justifyContent\":\"right\"}} \n\n<div class=\"wp-block-buttons\"><!-- wp:button {\"style\":{\"border\":{\"radius\":\"0px\"}},\"className\":\"is-style-outline\",\"fontSize\":\"small\"} \n\n<div class=\"wp-block-button has-custom-font-size is-style-outline has-small-font-size\"><a class=\"wp-block-button__link\" href=\"https:\/\/progepe.ufpr.br\/portarias\/wp-content\/uploads\/pcp\/PRHAE\/2003\/3708PR.pdf\" style=\"border-radius:0px\" target=\"_blank\" rel=\"noreferrer noopener\">Acesse o arquivo da portaria<\/a><!-- \/wp:butto\n<\/p>\n","protected":false},"author":41,"featured_media":0,"comment_status":"closed","ping_status":"closed","sticky":false,"template":"wp-custom-template-emissao-entre-01-05-2004-ate-30-06-2017","format":"standard","meta":{"_acf_changed":false,"iawp_total_views":0,"footnotes":""},"categories":[232],"tags":[],"class_list":["post-242948","post","type-post","status-publish","format-standard","hentry","category-prhae"],"acf":[],"_links":{"self":[{"href":"https:\/\/progepe.ufpr.br\/portarias\/wp-json\/wp\/v2\/posts\/242948","targetHints":{"allow":["GET"]}}],"collection":[{"href":"https:\/\/progepe.ufpr.br\/portarias\/wp-json\/wp\/v2\/posts"}],"about":[{"href":"https:\/\/progepe.ufpr.br\/portarias\/wp-json\/wp\/v2\/types\/post"}],"author":[{"embeddable":true,"href":"https:\/\/progepe.ufpr.br\/portarias\/wp-json\/wp\/v2\/users\/41"}],"replies":[{"embeddable":true,"href":"https:\/\/progepe.ufpr.br\/portarias\/wp-json\/wp\/v2\/comments?post=242948"}],"version-history":[{"count":1,"href":"https:\/\/progepe.ufpr.br\/portarias\/wp-json\/wp\/v2\/posts\/242948\/revisions"}],"predecessor-version":[{"id":245678,"href":"https:\/\/progepe.ufpr.br\/portarias\/wp-json\/wp\/v2\/posts\/242948\/revisions\/245678"}],"wp:attachment":[{"href":"https:\/\/progepe.ufpr.br\/portarias\/wp-json\/wp\/v2\/media?parent=242948"}],"wp:term":[{"taxonomy":"category","embeddable":true,"href":"https:\/\/progepe.ufpr.br\/portarias\/wp-json\/wp\/v2\/categories?post=242948"},{"taxonomy":"post_tag","embeddable":true,"href":"https:\/\/progepe.ufpr.br\/portarias\/wp-json\/wp\/v2\/tags?post=242948"}],"curies":[{"name":"wp","href":"https:\/\/api.w.org\/{rel}","templated":true}]}}