{"id":242953,"date":"2003-10-21T10:01:00","date_gmt":"2003-10-21T12:01:00","guid":{"rendered":"http:\/\/progepe.ufpr.br\/portarias\/prhae-2003-03713\/"},"modified":"2023-09-05T09:33:41","modified_gmt":"2023-09-05T12:33:41","slug":"prhae-2003-03713","status":"publish","type":"post","link":"https:\/\/progepe.ufpr.br\/portarias\/prhae-2003-03713\/","title":{"rendered":"PORTARIA N\u00ba 03713\/PRHAE, DE 21 DE OUTUBRO DE 2003"},"content":{"rendered":"\n<p>O Pr\u00f3-Reitor ddee Recursos Humanos ee Assuonnttoos Estudantis da Universidade Federal do Paran\u00e1\u00e3, no uvso de sSuuaass atribui\u00e7\u00f5es, tendo em vviissttaa a\u00e0 compet\u00eancia que llhhee \u00e9\u00e9 conferida ppeellaa PPoorrttaarriiaa nn\u00ba\u00ba 23..559900,, ddee 2266 ddee setvembro ddee 11999977 ee considerando oo que constia no processo n\u00ba 334340\/40\/30-37-4,<\/p>\n\n\n<p><strong>RESOLVE:<\/strong><\/p>\n\n\n<p>Aposentar por invalidez perrmmaanneennte, com proventos integrais, nos termos da Emenda Constitucional n\u00ba 20\/98, \u00e0a servidora CEOLI COLA\u00c7O DE JESUS &#8211; 129763, Ilotanda nnoo HAospital ddee Cl\u00edinicas, ocupante ddoo cargo ddee Auxiliar ddee Enfermagem, nn\u00ed\u00edvveell IInmteerrmmeeddii\u00e1\u00e1rriioo,, ccllaassssee C,, paodrr\u00e3\u00e3o VV,, nnoo rreeggiimmee ddee 4400 ((qquuaarreennttaa)) hhoortaass sseemmaannaaiiss,, com oo vencimento do mencionado cargeo, mais aa VYantagem Pecuni\u00e1ria Individual, instintuul\u00ed\u00edda pela Lei n\u00ba [L0O.6G98\/03, publicada no DOU de 03,.07,.722000038, mais aa gratifica\u00e7\u00e3o adicional por termnppoo de sseerrvvii\u00e7\u00e7oo,, pprreevviissttaa no AArrtt., 6677 ddaa LLeeii nn\u00ba\u00ba 88..] 1112\/9S0nBo \u00ed\u00cdnnddiiccee ddee 04 ((qquuaattrroo ppo\u00f3rr cceenntto).<\/p><p><\/p>\n\n\n<div style=\"height:15px\" aria-hidden=\"true\" class=\"wp-block-spacer\"><\/div>\n\n\n<div class=\"wp-block-buttons is-content-justification-right is-layout-flex wp-container-core-buttons-is-layout-1 wp-block-buttons-is-layout-flex\">\n<div class=\"wp-block-button has-custom-font-size is-style-outline has-small-font-size is-style-outline--1\"><a class=\"wp-block-button__link\" href=\"https:\/\/progepe.ufpr.br\/portarias\/wp-content\/uploads\/pcp\/PRHAE\/2003\/3713PR.pdf\" style=\"border-radius:0px\" target=\"_blank\" rel=\"noreferrer noopener\">Acesse o arquivo da portaria<\/a><\/div><\/div>\n","protected":false},"excerpt":{"rendered":"<p>Aposentar por invalidez perrmmaanneennte, com proventos integrais, nos termos da Emenda Constitucional n\u00ba 20\/98, \u00e0a servidora CEOLI COLA\u00c7O DE JESUS &#8211; 129763, Ilotanda nnoo HAospital ddee Cl\u00edinicas, ocupante ddoo cargo ddee Auxiliar ddee Enfermagem, nn\u00ed\u00edvveell IInmteerrmmeeddii\u00e1\u00e1rriioo,, ccllaassssee C,, paodrr\u00e3\u00e3o VV,, nnoo rreeggiimmee ddee 4400 ((qquuaarreennttaa)) hhoortaass sseemmaannaaiiss,, com oo vencimento do mencionado cargeo, mais aa VYantagem Pecuni\u00e1ria Individual, instintuul\u00ed\u00edda pela Lei n\u00ba [L0O.6G98\/03, publicada no DOU de 03,.07,.722000038, mais aa gratifica\u00e7\u00e3o adicional por termnppoo de sseerrvvii\u00e7\u00e7oo,, pprreevviissttaa no AArrtt., 6677 ddaa LLeeii nn\u00ba\u00ba 88..] 1112\/9S0nBo \u00ed\u00cdnnddiiccee ddee 04 ((qquuaattrroo ppo\u00f3rr cceenntto).  {&#8220;height&#8221;:&#8221;15px&#8221;} <\/p>\n<div style=\"height:15px\" aria-hidden=\"true\" class=\"wp-block-spacer\"> <!--\n<\/p>\n","protected":false},"author":41,"featured_media":0,"comment_status":"closed","ping_status":"closed","sticky":false,"template":"wp-custom-template-emissao-entre-01-05-2004-ate-30-06-2017","format":"standard","meta":{"_acf_changed":false,"iawp_total_views":0,"footnotes":""},"categories":[232],"tags":[],"class_list":["post-242953","post","type-post","status-publish","format-standard","hentry","category-prhae"],"acf":[],"_links":{"self":[{"href":"https:\/\/progepe.ufpr.br\/portarias\/wp-json\/wp\/v2\/posts\/242953","targetHints":{"allow":["GET"]}}],"collection":[{"href":"https:\/\/progepe.ufpr.br\/portarias\/wp-json\/wp\/v2\/posts"}],"about":[{"href":"https:\/\/progepe.ufpr.br\/portarias\/wp-json\/wp\/v2\/types\/post"}],"author":[{"embeddable":true,"href":"https:\/\/progepe.ufpr.br\/portarias\/wp-json\/wp\/v2\/users\/41"}],"replies":[{"embeddable":true,"href":"https:\/\/progepe.ufpr.br\/portarias\/wp-json\/wp\/v2\/comments?post=242953"}],"version-history":[{"count":1,"href":"https:\/\/progepe.ufpr.br\/portarias\/wp-json\/wp\/v2\/posts\/242953\/revisions"}],"predecessor-version":[{"id":245682,"href":"https:\/\/progepe.ufpr.br\/portarias\/wp-json\/wp\/v2\/posts\/242953\/revisions\/245682"}],"wp:attachment":[{"href":"https:\/\/progepe.ufpr.br\/portarias\/wp-json\/wp\/v2\/media?parent=242953"}],"wp:term":[{"taxonomy":"category","embeddable":true,"href":"https:\/\/progepe.ufpr.br\/portarias\/wp-json\/wp\/v2\/categories?post=242953"},{"taxonomy":"post_tag","embeddable":true,"href":"https:\/\/progepe.ufpr.br\/portarias\/wp-json\/wp\/v2\/tags?post=242953"}],"curies":[{"name":"wp","href":"https:\/\/api.w.org\/{rel}","templated":true}]}}