{"id":242957,"date":"2003-10-21T10:05:00","date_gmt":"2003-10-21T12:05:00","guid":{"rendered":"http:\/\/progepe.ufpr.br\/portarias\/prhae-2003-03717\/"},"modified":"2023-09-05T09:33:42","modified_gmt":"2023-09-05T12:33:42","slug":"prhae-2003-03717","status":"publish","type":"post","link":"https:\/\/progepe.ufpr.br\/portarias\/prhae-2003-03717\/","title":{"rendered":"PORTARIA N\u00ba 03717\/PRHAE, DE 21 DE OUTUBRO DE 2003"},"content":{"rendered":"\n<p>O Pr\u00f3-Reitor de Recursos Humanos e\u20ac Assuntos EEstsudatntuisd ddaaa UnUnniitvveerrissiisddad e FFederal dddoo ePPaarraann\u00e1\u00e1,a nnool uussoo ddce Ssuas atribui\u00e7\u00f5es, tleennddoo eemm vissttaa \u00e0\u00e0 ccoommppeett\u00ea\u00eanncciiaa qquuee ilhe \u00e9\u00e9 ccoonnffeerriiddaa ppela PPoorrttaarriiaa n\u00ba 2.590, de 226 ddee setembro dde 1997 e ccoonnsiderando o que consta nnoo processo nn\u00ba\u00ba 38430\/03-14,<\/p>\n\n\n<p><strong>RESOLVE:<\/strong><\/p>\n\n\n<p>Autorizar o afastamento parcial da serviiddoora ALEXANDRA CRISTINA SENEGAGLIA &#8211; 140902, ocupante do cargo de Bi\u00f3logo, lotada no Hospital de Cl\u00ednicas, com a a finalidade ddee participar do Curso de P\u00f3s-Gradua\u00e7\u00e3o em Ci\u00eancias ddaa Sa\u00fade, em hn\u00ed\u00edvveell ddee Mesttraaddo, nnaa PPoonnt\u00fa\u00edff\u00ed\u00edcciiaa UUnniivveerrss\u00ediiddaaddee Catt\u00f3l\u00f3ilcai cdadoo PPaarraann\u00e1\u00e1,, nnoo peertrod\u00edo oddee o00 11 ddee onutubro ddee 22000033 aa 3300 ddee sseetetmbero mddbee r2Z0o00044 ,, ccoomm \u00f4\u00f4nnuuss lliimimtaidot appaadrraao aa Universidade Federdal eddoro PPaarrlaann\u00e1.<\/p><p><\/p>\n\n\n<div style=\"height:15px\" aria-hidden=\"true\" class=\"wp-block-spacer\"><\/div>\n\n\n<div class=\"wp-block-buttons is-content-justification-right is-layout-flex wp-container-core-buttons-is-layout-1 wp-block-buttons-is-layout-flex\">\n<div class=\"wp-block-button has-custom-font-size is-style-outline has-small-font-size is-style-outline--1\"><a class=\"wp-block-button__link\" href=\"https:\/\/progepe.ufpr.br\/portarias\/wp-content\/uploads\/pcp\/PRHAE\/2003\/3717PR.pdf\" style=\"border-radius:0px\" target=\"_blank\" rel=\"noreferrer noopener\">Acesse o arquivo da portaria<\/a><\/div><\/div>\n","protected":false},"excerpt":{"rendered":"<p>Autorizar o afastamento parcial da serviiddoora ALEXANDRA CRISTINA SENEGAGLIA &#8211; 140902, ocupante do cargo de Bi\u00f3logo, lotada no Hospital de Cl\u00ednicas, com a a finalidade ddee participar do Curso de P\u00f3s-Gradua\u00e7\u00e3o em Ci\u00eancias ddaa Sa\u00fade, em hn\u00ed\u00edvveell ddee Mesttraaddo, nnaa PPoonnt\u00fa\u00edff\u00ed\u00edcciiaa UUnniivveerrss\u00ediiddaaddee Catt\u00f3l\u00f3ilcai cdadoo PPaarraann\u00e1\u00e1,, nnoo peertrod\u00edo oddee o00 11 ddee onutubro ddee 22000033 aa 3300 ddee sseetetmbero mddbee r2Z0o00044 ,, ccoomm \u00f4\u00f4nnuuss lliimimtaidot appaadrraao aa Universidade Federdal eddoro PPaarrlaann\u00e1.  {&#8220;height&#8221;:&#8221;15px&#8221;} <\/p>\n<div style=\"height:15px\" aria-hidden=\"true\" class=\"wp-block-spacer\"> <!-- \/wp:spacer  {\"layout\":{\"type\":\"flex\",\"justifyContent\":\"right\"}} \n\n<div class=\"wp-block-buttons\"><!-- wp:button {\"style\":{\"border\":{\"radius\":\"0px\"}},\"className\":\"is-style-outline\",\"fontSize\":\"small\"} \n\n<div class=\"wp-block-button has-custom-font-size is-style-outline has-small-font-size\"><a class=\"wp-block-button__link\" href=\"https:\/\/progepe.ufpr.br\/portarias\/wp-\n<\/p>\n","protected":false},"author":41,"featured_media":0,"comment_status":"closed","ping_status":"closed","sticky":false,"template":"wp-custom-template-emissao-entre-01-05-2004-ate-30-06-2017","format":"standard","meta":{"_acf_changed":false,"iawp_total_views":0,"footnotes":""},"categories":[232],"tags":[],"class_list":["post-242957","post","type-post","status-publish","format-standard","hentry","category-prhae"],"acf":[],"_links":{"self":[{"href":"https:\/\/progepe.ufpr.br\/portarias\/wp-json\/wp\/v2\/posts\/242957","targetHints":{"allow":["GET"]}}],"collection":[{"href":"https:\/\/progepe.ufpr.br\/portarias\/wp-json\/wp\/v2\/posts"}],"about":[{"href":"https:\/\/progepe.ufpr.br\/portarias\/wp-json\/wp\/v2\/types\/post"}],"author":[{"embeddable":true,"href":"https:\/\/progepe.ufpr.br\/portarias\/wp-json\/wp\/v2\/users\/41"}],"replies":[{"embeddable":true,"href":"https:\/\/progepe.ufpr.br\/portarias\/wp-json\/wp\/v2\/comments?post=242957"}],"version-history":[{"count":1,"href":"https:\/\/progepe.ufpr.br\/portarias\/wp-json\/wp\/v2\/posts\/242957\/revisions"}],"predecessor-version":[{"id":245686,"href":"https:\/\/progepe.ufpr.br\/portarias\/wp-json\/wp\/v2\/posts\/242957\/revisions\/245686"}],"wp:attachment":[{"href":"https:\/\/progepe.ufpr.br\/portarias\/wp-json\/wp\/v2\/media?parent=242957"}],"wp:term":[{"taxonomy":"category","embeddable":true,"href":"https:\/\/progepe.ufpr.br\/portarias\/wp-json\/wp\/v2\/categories?post=242957"},{"taxonomy":"post_tag","embeddable":true,"href":"https:\/\/progepe.ufpr.br\/portarias\/wp-json\/wp\/v2\/tags?post=242957"}],"curies":[{"name":"wp","href":"https:\/\/api.w.org\/{rel}","templated":true}]}}