{"id":242958,"date":"2003-10-21T10:06:00","date_gmt":"2003-10-21T12:06:00","guid":{"rendered":"http:\/\/progepe.ufpr.br\/portarias\/prhae-2003-03718\/"},"modified":"2023-09-05T09:33:42","modified_gmt":"2023-09-05T12:33:42","slug":"prhae-2003-03718","status":"publish","type":"post","link":"https:\/\/progepe.ufpr.br\/portarias\/prhae-2003-03718\/","title":{"rendered":"PORTARIA N\u00ba 03718\/PRHAE, DE 21 DE OUTUBRO DE 2003"},"content":{"rendered":"\n<p>O Pr\u00f3-Reitor de Recursos Humanos e A\u00c1ssuntos Esttuudadnatnist idsda Universidade Federal do Parang\u00e1, no uso de Ssuuaass aattrriibbuuii\u00e7\u00e7\u00f5\u00f5eess,, tteennddoo em vviissttaa a2 compeit\u00eancia qquuee llhhee \u00e9\u00e9 ccoonnffeerriiddaa pela Portartia n\u00ba 2.590, de 26 de seettemebmrbo rode 199997 7 \u00e9&#038; considerando eo qyuuec ccoonnssttaa mnoo pprroocecsesso sonn\u00ba\u00ba 43388\/03-91,<\/p>\n\n\n<p><strong>RESOLVE:<\/strong><\/p>\n\n\n<p>Autorizar \u00e0\u00e0 prormroga\u00e7\u00e3\u00f5o ddoo afastamento iinntteeggrraall do Professor LUIZ ERNANI FRITOLI &#8211; 93947, classe Auxxiilliiaarr, lotado nom Departamento de Letiras Estrangeiras Modernias do Setor de Ci\u00eancias Hurmhanas, Letras e Artes, com a finalidade de conncclluntr o Curso de P\u00f3s-Graduuaa\u00e7\u00e7\u00e3\u00e3oo eemm Teoria Liter\u00e1\u00e1rriiaa e&#038; Litteerraattuurraa CCoommppaarrada, eemm n\u00edveelt ddee MMeessttrraaddoo,, nma Universidaaddee dee SS\u00e3\u00e3o PFaauullo, no ppeerr\u00ed\u00edooddoo de 15 dde couuttuubbrroo dee 22000033 a2 14 ddee ffeevveerreeiiro de 2004, cenomm \u00f3\u00f3nnuuss lliimmiittaaddoo ppaarraa a a UUnniivveerrssiiddaaddee FFeeddeerraall ddoo PPaarraann\u00e1.<\/p><p><\/p>\n\n\n<div style=\"height:15px\" aria-hidden=\"true\" class=\"wp-block-spacer\"><\/div>\n\n\n<div class=\"wp-block-buttons is-content-justification-right is-layout-flex wp-container-core-buttons-is-layout-1 wp-block-buttons-is-layout-flex\">\n<div class=\"wp-block-button has-custom-font-size is-style-outline has-small-font-size is-style-outline--1\"><a class=\"wp-block-button__link\" href=\"https:\/\/progepe.ufpr.br\/portarias\/wp-content\/uploads\/pcp\/PRHAE\/2003\/3718PR.pdf\" style=\"border-radius:0px\" target=\"_blank\" rel=\"noreferrer noopener\">Acesse o arquivo da portaria<\/a><\/div><\/div>\n","protected":false},"excerpt":{"rendered":"<p>Autorizar \u00e0\u00e0 prormroga\u00e7\u00e3\u00f5o ddoo afastamento iinntteeggrraall do Professor LUIZ ERNANI FRITOLI &#8211; 93947, classe Auxxiilliiaarr, lotado nom Departamento de Letiras Estrangeiras Modernias do Setor de Ci\u00eancias Hurmhanas, Letras e Artes, com a finalidade de conncclluntr o Curso de P\u00f3s-Graduuaa\u00e7\u00e7\u00e3\u00e3oo eemm Teoria Liter\u00e1\u00e1rriiaa e&#038; Litteerraattuurraa CCoommppaarrada, eemm n\u00edveelt ddee MMeessttrraaddoo,, nma Universidaaddee dee SS\u00e3\u00e3o PFaauullo, no ppeerr\u00ed\u00edooddoo de 15 dde couuttuubbrroo dee 22000033 a2 14 ddee ffeevveerreeiiro de 2004, cenomm \u00f3\u00f3nnuuss lliimmiittaaddoo ppaarraa a a UUnniivveerrssiiddaaddee FFeeddeerraall ddoo PPaarraann\u00e1.  {&#8220;height&#8221;:&#8221;15px&#8221;} <\/p>\n<div style=\"height:15px\" aria-hidden=\"true\" class=\"wp-block-spacer\"> <!-- \/wp:spacer  {\"layout\":{\"type\":\"flex\",\"justifyContent\":\"right\"}} \n\n<div class=\"wp-block-buttons\"><!-- wp:button {\"style\":{\"border\":{\"radius\":\"0px\"}},\"className\":\"is-style-outline\",\"fontSize\":\"small\"} \n\n<div class=\"wp-block-button has-custom-font-size is-style-outline has-sma \n\n","protected":false},"author":41,"featured_media":0,"comment_status":"closed","ping_status":"closed","sticky":false,"template":"wp-custom-template-emissao-entre-01-05-2004-ate-30-06-2017","format":"standard","meta":{"_acf_changed":false,"iawp_total_views":0,"footnotes":""},"categories":[232],"tags":[],"class_list":["post-242958","post","type-post","status-publish","format-standard","hentry","category-prhae"],"acf":[],"_links":{"self":[{"href":"https:\/\/progepe.ufpr.br\/portarias\/wp-json\/wp\/v2\/posts\/242958","targetHints":{"allow":["GET"]}}],"collection":[{"href":"https:\/\/progepe.ufpr.br\/portarias\/wp-json\/wp\/v2\/posts"}],"about":[{"href":"https:\/\/progepe.ufpr.br\/portarias\/wp-json\/wp\/v2\/types\/post"}],"author":[{"embeddable":true,"href":"https:\/\/progepe.ufpr.br\/portarias\/wp-json\/wp\/v2\/users\/41"}],"replies":[{"embeddable":true,"href":"https:\/\/progepe.ufpr.br\/portarias\/wp-json\/wp\/v2\/comments?post=242958"}],"version-history":[{"count":1,"href":"https:\/\/progepe.ufpr.br\/portarias\/wp-json\/wp\/v2\/posts\/242958\/revisions"}],"predecessor-version":[{"id":245687,"href":"https:\/\/progepe.ufpr.br\/portarias\/wp-json\/wp\/v2\/posts\/242958\/revisions\/245687"}],"wp:attachment":[{"href":"https:\/\/progepe.ufpr.br\/portarias\/wp-json\/wp\/v2\/media?parent=242958"}],"wp:term":[{"taxonomy":"category","embeddable":true,"href":"https:\/\/progepe.ufpr.br\/portarias\/wp-json\/wp\/v2\/categories?post=242958"},{"taxonomy":"post_tag","embeddable":true,"href":"https:\/\/progepe.ufpr.br\/portarias\/wp-json\/wp\/v2\/tags?post=242958"}],"curies":[{"name":"wp","href":"https:\/\/api.w.org\/{rel}","templated":true}]}}