{"id":243106,"date":"2003-11-27T10:00:00","date_gmt":"2003-11-27T12:00:00","guid":{"rendered":"http:\/\/progepe.ufpr.br\/portarias\/prhae-2003-03886\/"},"modified":"2003-11-27T10:00:00","modified_gmt":"2003-11-27T12:00:00","slug":"prhae-2003-03886","status":"publish","type":"post","link":"https:\/\/progepe.ufpr.br\/portarias\/prhae-2003-03886\/","title":{"rendered":"PORTARIA N\u00ba 03886\/PRHAE, DE 27 DE NOVEMBRO DE 2003"},"content":{"rendered":"\n<p>O Pr\u00f3-Reitor de Recursos Humanos e A\u00c1ssuntos Estudantis dae Universidade Federal do Paran\u00e1, no uso de suas atribuu\u00edii\u00e7\u00e7\u00f5\u00f5es, tendo em vista a a compet\u00eancia que lheg \u00e9 conferida pela Portaria n\u00ba 2.590, de 26 de setembro de 1997, considerando o que consta neo arttiiggoo 9\u00ba, inciseo |1 da Lei n\u00ba 8.112\/90, autoriza\u00e7\u00e3o do Ministro de Estado da Educa\u00e7\u00e3o, Portaria n\u00ba 945, de 30 de abril de 2003, publicada no DOU de 05,.05.2003 e ainda o contiiddo no pProcesso n\u00ba 52792\/03-37,<\/p>\n\n\n<p><strong>RESOLVE:<\/strong><\/p>\n\n\n<p>1. Nomear em car\u00e1ter efetiivvoo, DJENANE THANS DA SILVA, habiliztada em concurso p\u00fablico realizado por esta Institui\u00e7\u00e3o, homologado em 24.. 1L00..232003, para o carego de Auxiliar de Enfermagem, n\u00edvel Intermedi\u00e1rio, classe A, padr\u00e3o 1I, no regime de trabhalho de 40 (quarenta) horas semanais, na vaga de c\u00f3digo n\u00ba 772238811.<\/p><p> 1H1., Conceder o\u00e0 adicional de insalubridade, correspondente ao garau m\u00e9dio de 10 (dez por cento), a partir da data de exerc\u00edcio.<\/p><p><\/p>\n\n\n<div style=\"height:15px\" aria-hidden=\"true\" class=\"wp-block-spacer\"><\/div>\n\n\n<div class=\"wp-block-buttons is-content-justification-right is-layout-flex wp-container-core-buttons-is-layout-1 wp-block-buttons-is-layout-flex\">\n<div class=\"wp-block-button has-custom-font-size is-style-outline has-small-font-size is-style-outline--1\"><a class=\"wp-block-button__link\" href=\"https:\/\/progepe.ufpr.br\/portarias\/wp-content\/uploads\/pcp\/PRHAE\/2003\/3886PR.pdf\" style=\"border-radius:0px\" target=\"_blank\" rel=\"noreferrer noopener\">Acesse o arquivo da portaria<\/a><\/div><\/div>\n","protected":false},"excerpt":{"rendered":"<p>1. Nomear em car\u00e1ter efetiivvoo, DJENANE THANS DA SILVA, habiliztada em concurso p\u00fablico realizado por esta Institui\u00e7\u00e3o, homologado em 24.. 1L00..232003, para o carego de Auxiliar de Enfermagem, n\u00edvel Intermedi\u00e1rio, classe A, padr\u00e3o 1I, no regime de trabhalho de 40 (quarenta) horas semanais, na vaga de c\u00f3digo n\u00ba 772238811. 1H1., Conceder o\u00e0 adicional de insalubridade, correspondente ao garau m\u00e9dio de 10 (dez por cento), a partir da data de exerc\u00edcio.  {&#8220;height&#8221;:&#8221;15px&#8221;} <\/p>\n<div style=\"height:15px\" aria-hidden=\"true\" class=\"wp-block-spacer\"> <!-- \/wp:spacer  {\"layout\":{\"type\":\"flex\",\"justifyContent\":\"right\"}} \n\n<div class=\"wp-block-buttons\"><!-- wp:button {\"style\":{\"border\":{\"radius\":\"0px\"}},\"className\":\"is-style-outline\",\"fontSize\":\"small\"} \n\n<div class=\"wp-block-button has-custom-font-size is-style-outline has-small-font-size\"><a class=\"wp-block-button__link\" href=\"https:\/\/progepe.ufpr.br\/portarias\/wp-content\/uploads\/pcp\/PRHAE\/2003\/3886PR.pdf\" style=\"border-radius:0px\" target=\"_blank\" rel=\"\n<\/p>\n","protected":false},"author":41,"featured_media":0,"comment_status":"closed","ping_status":"closed","sticky":false,"template":"wp-custom-template-emissao-entre-01-05-2004-ate-30-06-2017","format":"standard","meta":{"_acf_changed":false,"iawp_total_views":0,"footnotes":""},"categories":[232],"tags":[],"class_list":["post-243106","post","type-post","status-publish","format-standard","hentry","category-prhae"],"acf":[],"_links":{"self":[{"href":"https:\/\/progepe.ufpr.br\/portarias\/wp-json\/wp\/v2\/posts\/243106","targetHints":{"allow":["GET"]}}],"collection":[{"href":"https:\/\/progepe.ufpr.br\/portarias\/wp-json\/wp\/v2\/posts"}],"about":[{"href":"https:\/\/progepe.ufpr.br\/portarias\/wp-json\/wp\/v2\/types\/post"}],"author":[{"embeddable":true,"href":"https:\/\/progepe.ufpr.br\/portarias\/wp-json\/wp\/v2\/users\/41"}],"replies":[{"embeddable":true,"href":"https:\/\/progepe.ufpr.br\/portarias\/wp-json\/wp\/v2\/comments?post=243106"}],"version-history":[{"count":0,"href":"https:\/\/progepe.ufpr.br\/portarias\/wp-json\/wp\/v2\/posts\/243106\/revisions"}],"wp:attachment":[{"href":"https:\/\/progepe.ufpr.br\/portarias\/wp-json\/wp\/v2\/media?parent=243106"}],"wp:term":[{"taxonomy":"category","embeddable":true,"href":"https:\/\/progepe.ufpr.br\/portarias\/wp-json\/wp\/v2\/categories?post=243106"},{"taxonomy":"post_tag","embeddable":true,"href":"https:\/\/progepe.ufpr.br\/portarias\/wp-json\/wp\/v2\/tags?post=243106"}],"curies":[{"name":"wp","href":"https:\/\/api.w.org\/{rel}","templated":true}]}}